{"id":5957,"date":"2019-07-03T11:49:14","date_gmt":"2019-07-03T09:49:14","guid":{"rendered":"http:\/\/www.prva.hr\/?p=5957"},"modified":"2019-07-03T11:49:14","modified_gmt":"2019-07-03T09:49:14","slug":"najava-projekta-stem-na-trecu","status":"publish","type":"post","link":"https:\/\/prva.hr\/index.php\/2019\/07\/03\/najava-projekta-stem-na-trecu\/","title":{"rendered":"NAJAVA PROJEKTA &#8220;STEM na tre\u0107u&#8221;"},"content":{"rendered":"<p>Od \u0161k.god.2019.\/20. I. gimnazija sudjeluje u dvogodi\u0161njem KA2 Erasmus+ projektu &#8220;STEM na tre\u0107u&#8221;. U projektu smo partneri Prve gimnazije Maribor i Jezi\u010dne gimnazije\u00a0\u010cesk\u00e9 Bud\u011bjovice. Na\u0161i u\u010denici i profesori biologije i kemije dobit \u0107e priliku unaprijediti svoje znanje i metode pou\u010davanje te sudjelovati u me\u0111unarodnoj razmjeni. Vi\u0161e o svemu uskoro!<\/p>\n","protected":false},"excerpt":{"rendered":"<p>Od \u0161k.god.2019.\/20. I. gimnazija sudjeluje u dvogodi\u0161njem KA2 Erasmus+ projektu &#8220;STEM na tre\u0107u&#8221;. U projektu smo partneri Prve gimnazije Maribor i Jezi\u010dne gimnazije\u00a0\u010cesk\u00e9 Bud\u011bjovice. Na\u0161i u\u010denici i profesori biologije i kemije dobit \u0107e priliku unaprijediti svoje znanje i metode pou\u010davanje te sudjelovati u me\u0111unarodnoj razmjeni. Vi\u0161e o svemu uskoro!<\/p>\n","protected":false},"author":2,"featured_media":5958,"comment_status":"closed","ping_status":"closed","sticky":false,"template":"","format":"standard","meta":{"_et_pb_use_builder":"","_et_pb_old_content":"","_et_gb_content_width":"","footnotes":""},"categories":[66,4],"tags":[],"class_list":["post-5957","post","type-post","status-publish","format-standard","has-post-thumbnail","hentry","category-aktivnosti-projekti-erasmus","category-najnovije-vijesti"],"_links":{"self":[{"href":"https:\/\/prva.hr\/index.php\/wp-json\/wp\/v2\/posts\/5957","targetHints":{"allow":["GET"]}}],"collection":[{"href":"https:\/\/prva.hr\/index.php\/wp-json\/wp\/v2\/posts"}],"about":[{"href":"https:\/\/prva.hr\/index.php\/wp-json\/wp\/v2\/types\/post"}],"author":[{"embeddable":true,"href":"https:\/\/prva.hr\/index.php\/wp-json\/wp\/v2\/users\/2"}],"replies":[{"embeddable":true,"href":"https:\/\/prva.hr\/index.php\/wp-json\/wp\/v2\/comments?post=5957"}],"version-history":[{"count":1,"href":"https:\/\/prva.hr\/index.php\/wp-json\/wp\/v2\/posts\/5957\/revisions"}],"predecessor-version":[{"id":5959,"href":"https:\/\/prva.hr\/index.php\/wp-json\/wp\/v2\/posts\/5957\/revisions\/5959"}],"wp:featuredmedia":[{"embeddable":true,"href":"https:\/\/prva.hr\/index.php\/wp-json\/wp\/v2\/media\/5958"}],"wp:attachment":[{"href":"https:\/\/prva.hr\/index.php\/wp-json\/wp\/v2\/media?parent=5957"}],"wp:term":[{"taxonomy":"category","embeddable":true,"href":"https:\/\/prva.hr\/index.php\/wp-json\/wp\/v2\/categories?post=5957"},{"taxonomy":"post_tag","embeddable":true,"href":"https:\/\/prva.hr\/index.php\/wp-json\/wp\/v2\/tags?post=5957"}],"curies":[{"name":"wp","href":"https:\/\/api.w.org\/{rel}","templated":true}]}}