{"id":596,"date":"2012-07-04T12:27:49","date_gmt":"2012-07-04T10:27:49","guid":{"rendered":"http:\/\/www2.prva.hr\/?p=596"},"modified":"2017-08-05T12:28:22","modified_gmt":"2017-08-05T10:28:22","slug":"lista-odabranih-udzbenika-i-pripadajucih-nastavnih-sredstava-za-sk-god-2012-2013","status":"publish","type":"post","link":"https:\/\/prva.hr\/index.php\/2012\/07\/04\/lista-odabranih-udzbenika-i-pripadajucih-nastavnih-sredstava-za-sk-god-2012-2013\/","title":{"rendered":"Lista odabranih ud\u017ebenika i pripadaju\u0107ih nastavnih sredstava za \u0161k. god. 2012.\/2013."},"content":{"rendered":"<p>Za kona\u010dnu listu odabranih ud\u017ebenika i pripadaju\u0107i nastavnih sredstava odlu\u010dili su se stru\u010dni aktivi I. gimnazije. Od \u0161kolske godine 2010.\/2011. za svaki se nastavni predmet na razini \u0161kole koristi samo jedan odabrani ud\u017ebenik i to najmanje \u010detiri godine.<\/p>\n<p>Kliknite na umanjenu sliku dokumkenta da bi se otvorila slika u punoj veli\u010dini koju po potrebi mo\u017eete ispisati.<\/p>\n<p>Budete li imali bilo kakvih pitanja i nejasno\u0107a u vezi s nabavkom ud\u017ebenika, postavite pitanje na <a href=\"mailto:info@prva.hr\">info@prva.hr<\/a> Ova e-mail adresa je za\u0161ti\u0107ena od spam robota, nije vidljiva ako ste isklju\u010dili JavaScript ili se obratite u tajni\u0161tvo \u0161kole.<\/p>\n<h4>Napomena: kod nabavke ud\u017ebenika za njema\u010dki kao 2. strani jezik &#8211; napredni &#8211; treba nabaviti onaj ud\u017ebenik koji se u ovom popisu vodi pod naslovom Njema\u010dki jezik &#8211; prvi strani jezik jer je tako slu\u017ebeno svrstan u Katalogu odobrenih ud\u017ebenika. Niste li sigurni koji ud\u017ebenik trebate nabaviti, posavjetujte se s predmetnim profesorom.<\/h4>\n<table border=\"0\">\n<tbody>\n<tr>\n<td><a href=\"http:\/\/www.prva.hr\/images\/stories\/galerija\/udzbenici\/udzbenici_2010_001.jpg\" target=\"_blank\"><img decoding=\"async\" data-src=\"http:\/\/www.prva.hr\/images\/stories\/m_udzbenici_2010_001.jpg\" width=\"143\" height=\"102\" border=\"0\" src=\"data:image\/svg+xml;base64,PHN2ZyB3aWR0aD0iMSIgaGVpZ2h0PSIxIiB4bWxucz0iaHR0cDovL3d3dy53My5vcmcvMjAwMC9zdmciPjwvc3ZnPg==\" class=\"lazyload\" style=\"--smush-placeholder-width: 143px; --smush-placeholder-aspect-ratio: 143\/102;\" \/><\/a><\/td>\n<td><a href=\"http:\/\/www.prva.hr\/images\/stories\/galerija\/udzbenici\/udzbenici_2010_002.jpg\" target=\"_blank\"><img decoding=\"async\" data-src=\"http:\/\/www.prva.hr\/images\/stories\/2_udzbenici_2010_002.jpg\" width=\"132\" height=\"94\" border=\"0\" src=\"data:image\/svg+xml;base64,PHN2ZyB3aWR0aD0iMSIgaGVpZ2h0PSIxIiB4bWxucz0iaHR0cDovL3d3dy53My5vcmcvMjAwMC9zdmciPjwvc3ZnPg==\" class=\"lazyload\" style=\"--smush-placeholder-width: 132px; --smush-placeholder-aspect-ratio: 132\/94;\" \/><\/a><\/td>\n<td><a href=\"http:\/\/www.prva.hr\/images\/stories\/galerija\/udzbenici\/udzbenici_2010_003.jpg\" target=\"_blank\"><img decoding=\"async\" data-src=\"http:\/\/www.prva.hr\/images\/stories\/3_udzbenici_2010_003.jpg\" width=\"131\" height=\"90\" border=\"0\" src=\"data:image\/svg+xml;base64,PHN2ZyB3aWR0aD0iMSIgaGVpZ2h0PSIxIiB4bWxucz0iaHR0cDovL3d3dy53My5vcmcvMjAwMC9zdmciPjwvc3ZnPg==\" class=\"lazyload\" style=\"--smush-placeholder-width: 131px; --smush-placeholder-aspect-ratio: 131\/90;\" \/><\/a><\/td>\n<\/tr>\n<tr>\n<td><a href=\"http:\/\/www.prva.hr\/images\/stories\/galerija\/udzbenici\/udzbenici_2010_004.jpg\" target=\"_blank\"><img decoding=\"async\" data-src=\"http:\/\/www.prva.hr\/images\/stories\/4_udzbenici_2010_004.jpg\" width=\"129\" height=\"91\" border=\"0\" src=\"data:image\/svg+xml;base64,PHN2ZyB3aWR0aD0iMSIgaGVpZ2h0PSIxIiB4bWxucz0iaHR0cDovL3d3dy53My5vcmcvMjAwMC9zdmciPjwvc3ZnPg==\" class=\"lazyload\" style=\"--smush-placeholder-width: 129px; --smush-placeholder-aspect-ratio: 129\/91;\" \/><\/a><\/td>\n<td><a href=\"http:\/\/www.prva.hr\/images\/stories\/galerija\/udzbenici\/udzbenici_2010_005.jpg\" target=\"_blank\"><img decoding=\"async\" data-src=\"http:\/\/www.prva.hr\/images\/stories\/5_udzbenici_2010_005.jpg\" width=\"130\" height=\"92\" border=\"0\" src=\"data:image\/svg+xml;base64,PHN2ZyB3aWR0aD0iMSIgaGVpZ2h0PSIxIiB4bWxucz0iaHR0cDovL3d3dy53My5vcmcvMjAwMC9zdmciPjwvc3ZnPg==\" class=\"lazyload\" style=\"--smush-placeholder-width: 130px; --smush-placeholder-aspect-ratio: 130\/92;\" \/><\/a><\/td>\n<td><a href=\"http:\/\/www.prva.hr\/images\/stories\/galerija\/udzbenici\/udzbenici_2010_006.jpg\" target=\"_blank\"><img decoding=\"async\" data-src=\"http:\/\/www.prva.hr\/images\/stories\/6_dzbenici_2010_006.jpg\" width=\"128\" height=\"90\" border=\"0\" src=\"data:image\/svg+xml;base64,PHN2ZyB3aWR0aD0iMSIgaGVpZ2h0PSIxIiB4bWxucz0iaHR0cDovL3d3dy53My5vcmcvMjAwMC9zdmciPjwvc3ZnPg==\" class=\"lazyload\" style=\"--smush-placeholder-width: 128px; --smush-placeholder-aspect-ratio: 128\/90;\" \/><\/a><\/td>\n<\/tr>\n<tr>\n<td><a href=\"http:\/\/www.prva.hr\/images\/stories\/galerija\/udzbenici\/udzbenici_2010_007.jpg\" target=\"_blank\"><img decoding=\"async\" data-src=\"http:\/\/www.prva.hr\/images\/stories\/7_udzbenici_2010_007.jpg\" width=\"135\" height=\"96\" border=\"0\" src=\"data:image\/svg+xml;base64,PHN2ZyB3aWR0aD0iMSIgaGVpZ2h0PSIxIiB4bWxucz0iaHR0cDovL3d3dy53My5vcmcvMjAwMC9zdmciPjwvc3ZnPg==\" class=\"lazyload\" style=\"--smush-placeholder-width: 135px; --smush-placeholder-aspect-ratio: 135\/96;\" \/><\/a><\/td>\n<td><a href=\"http:\/\/www.prva.hr\/images\/stories\/galerija\/udzbenici\/udzbenici_2010_008.jpg\" target=\"_blank\"><img decoding=\"async\" data-src=\"http:\/\/www.prva.hr\/images\/stories\/8_udzbenici_2010_008.jpg\" width=\"135\" height=\"99\" border=\"0\" src=\"data:image\/svg+xml;base64,PHN2ZyB3aWR0aD0iMSIgaGVpZ2h0PSIxIiB4bWxucz0iaHR0cDovL3d3dy53My5vcmcvMjAwMC9zdmciPjwvc3ZnPg==\" class=\"lazyload\" style=\"--smush-placeholder-width: 135px; --smush-placeholder-aspect-ratio: 135\/99;\" \/><\/a><\/td>\n<td><a href=\"http:\/\/www.prva.hr\/images\/stories\/galerija\/udzbenici\/udzbenici_2010_009.jpg\" target=\"_blank\"><img decoding=\"async\" data-src=\"http:\/\/www.prva.hr\/images\/stories\/9_udzbenici_2010_009.jpg\" width=\"124\" height=\"88\" border=\"0\" src=\"data:image\/svg+xml;base64,PHN2ZyB3aWR0aD0iMSIgaGVpZ2h0PSIxIiB4bWxucz0iaHR0cDovL3d3dy53My5vcmcvMjAwMC9zdmciPjwvc3ZnPg==\" class=\"lazyload\" style=\"--smush-placeholder-width: 124px; --smush-placeholder-aspect-ratio: 124\/88;\" \/><\/a><\/td>\n<\/tr>\n<tr>\n<td><a href=\"http:\/\/www.prva.hr\/images\/stories\/galerija\/udzbenici\/udzbenici_2010_010.jpg\" target=\"_blank\"><img decoding=\"async\" data-src=\"http:\/\/www.prva.hr\/images\/stories\/10_udzbenici_2010_010.jpg\" width=\"138\" height=\"99\" border=\"0\" src=\"data:image\/svg+xml;base64,PHN2ZyB3aWR0aD0iMSIgaGVpZ2h0PSIxIiB4bWxucz0iaHR0cDovL3d3dy53My5vcmcvMjAwMC9zdmciPjwvc3ZnPg==\" class=\"lazyload\" style=\"--smush-placeholder-width: 138px; --smush-placeholder-aspect-ratio: 138\/99;\" \/><\/a><\/td>\n<td colspan=\"2\"><a href=\"http:\/\/www.prva.hr\/images\/stories\/galerija\/udzbenici\/udzbenici_2010_011.jpg\" target=\"_blank\"><img decoding=\"async\" data-src=\"http:\/\/www.prva.hr\/images\/stories\/11_udzbenici_2010_011.jpg\" width=\"204\" height=\"38\" border=\"0\" src=\"data:image\/svg+xml;base64,PHN2ZyB3aWR0aD0iMSIgaGVpZ2h0PSIxIiB4bWxucz0iaHR0cDovL3d3dy53My5vcmcvMjAwMC9zdmciPjwvc3ZnPg==\" class=\"lazyload\" style=\"--smush-placeholder-width: 204px; --smush-placeholder-aspect-ratio: 204\/38;\" \/><\/a><\/td>\n<\/tr>\n<\/tbody>\n<\/table>\n<p>&nbsp;<\/p>\n<p><strong>FAKULTATIVNI I IZBORNI PREDMETI:<\/strong><\/p>\n<p><strong>Engleski jezik: 2. godina u\u010denja<\/strong><\/p>\n<p>NEW HEADWAY INTERMEDIATE STUDENT&#8217;S BOOK &amp; WORKBOOK &#8211; fourth edition<\/p>\n<p>&nbsp;<\/p>\n<p><strong>Talijanski jezik: 1. i 2. godina u\u010denja<\/strong><\/p>\n<p>NUOVO PROGETTO ITALIANO 1 : libro dello studente + CD-ROM : ud\u017ebenik talijanskog jezika za 1. i 2.<br \/>\nrazred gimnazije i \u010detverogodi\u0161nje strukovne \u0161kole, VBZ,\u00a0 S. Magnelli, T. Marin<\/p>\n<p>NUOVO PROGETTO ITALIANO 1 : quaderno degli esercizi : radna bilje\u017enica iz talijanskog jezika za 1. i<br \/>\n2. razred gimnazije i \u010detverogodi\u0161nje strukovne \u0161kole, VBZ, S. Magnelli, T. Marin<\/p>\n<p><strong>Talijanski jezik: 3. i 4. godina u\u010denja<\/strong><\/p>\n<p>NUOVO PROGETTO ITALIANO 2 : libro dello studente + CD-ROM : ud\u017ebenik talijanskog jezika za 3. i 4. razred gimnazije i \u010detverogodi\u0161nje strukovne \u0161kole, S. Magnelli, T. Marin<\/p>\n<p>NUOVO PROGETTO ITALIANO 2 : quaderno degli esercizi : radna bilje\u017enica iz talijanskog jezika za 3. i 4. razred gimnazije i \u010detverogodi\u0161nje strukovne \u0161kole, S. Magnelli, T. Marin<\/p>\n<p><strong>\u0160panjolski jezik:<\/strong><\/p>\n<p>Prisma A1 Libro Del Alumno, ud\u017ebenik i radna bilje\u017enica, Edinumen, Algoritam<\/p>\n","protected":false},"excerpt":{"rendered":"<p>Za kona\u010dnu listu odabranih ud\u017ebenika i pripadaju\u0107i nastavnih sredstava odlu\u010dili su se stru\u010dni aktivi I. gimnazije. Od \u0161kolske godine 2010.\/2011. za svaki se nastavni predmet na razini \u0161kole koristi samo jedan odabrani ud\u017ebenik i to najmanje \u010detiri godine. Kliknite na umanjenu sliku dokumkenta da bi se otvorila slika u punoj veli\u010dini koju po potrebi mo\u017eete [&hellip;]<\/p>\n","protected":false},"author":1,"featured_media":0,"comment_status":"closed","ping_status":"closed","sticky":false,"template":"","format":"standard","meta":{"_et_pb_use_builder":"","_et_pb_old_content":"","_et_gb_content_width":"","footnotes":""},"categories":[9],"tags":[],"class_list":["post-596","post","type-post","status-publish","format-standard","hentry","category-arhiva"],"_links":{"self":[{"href":"https:\/\/prva.hr\/index.php\/wp-json\/wp\/v2\/posts\/596","targetHints":{"allow":["GET"]}}],"collection":[{"href":"https:\/\/prva.hr\/index.php\/wp-json\/wp\/v2\/posts"}],"about":[{"href":"https:\/\/prva.hr\/index.php\/wp-json\/wp\/v2\/types\/post"}],"author":[{"embeddable":true,"href":"https:\/\/prva.hr\/index.php\/wp-json\/wp\/v2\/users\/1"}],"replies":[{"embeddable":true,"href":"https:\/\/prva.hr\/index.php\/wp-json\/wp\/v2\/comments?post=596"}],"version-history":[{"count":1,"href":"https:\/\/prva.hr\/index.php\/wp-json\/wp\/v2\/posts\/596\/revisions"}],"predecessor-version":[{"id":597,"href":"https:\/\/prva.hr\/index.php\/wp-json\/wp\/v2\/posts\/596\/revisions\/597"}],"wp:attachment":[{"href":"https:\/\/prva.hr\/index.php\/wp-json\/wp\/v2\/media?parent=596"}],"wp:term":[{"taxonomy":"category","embeddable":true,"href":"https:\/\/prva.hr\/index.php\/wp-json\/wp\/v2\/categories?post=596"},{"taxonomy":"post_tag","embeddable":true,"href":"https:\/\/prva.hr\/index.php\/wp-json\/wp\/v2\/tags?post=596"}],"curies":[{"name":"wp","href":"https:\/\/api.w.org\/{rel}","templated":true}]}}