{"id":5979,"date":"2019-07-11T08:50:42","date_gmt":"2019-07-11T06:50:42","guid":{"rendered":"http:\/\/www.prva.hr\/?p=5979"},"modified":"2019-07-18T12:17:31","modified_gmt":"2019-07-18T10:17:31","slug":"svecana-dodjela-maturalnih-svjedodzbi-4","status":"publish","type":"post","link":"https:\/\/prva.hr\/index.php\/2019\/07\/11\/svecana-dodjela-maturalnih-svjedodzbi-4\/","title":{"rendered":"Sve\u010dana dodjela maturalnih svjedod\u017ebi"},"content":{"rendered":"<p>Sve\u010dana podjela maturalnih svjedod\u017ebi odr\u017eat \u0107e se u srijedu, 17. srpnja 2019<strong>.\u00a0<\/strong>u 19 sati u kino dvorani Prve gimnazije. Maturanti trebaju do\u0107i u \u0161kolu u\u00a0<strong>18 sati<\/strong>\u00a0radi pripreme i fotografiranja (u u\u010dionice na prvom katu).<\/p>\n<p>Na sve\u010danu dodjelu maturalnih svjedod\u017ebi pozivaju se \u010dlanovi obitelji i prijatelji kako bi uveli\u010dali doga\u0111aj te na taj na\u010din podijelili zadovoljstvo uspje\u0161no zavr\u0161enog \u0161kolovanja!<\/p>\n","protected":false},"excerpt":{"rendered":"<p>Sve\u010dana podjela maturalnih svjedod\u017ebi odr\u017eat \u0107e se u srijedu, 17. srpnja 2019.\u00a0u 19 sati u kino dvorani Prve gimnazije. Maturanti trebaju do\u0107i u \u0161kolu u\u00a018 sati\u00a0radi pripreme i fotografiranja (u u\u010dionice na prvom katu). Na sve\u010danu dodjelu maturalnih svjedod\u017ebi pozivaju se \u010dlanovi obitelji i prijatelji kako bi uveli\u010dali doga\u0111aj te na taj na\u010din podijelili zadovoljstvo [&hellip;]<\/p>\n","protected":false},"author":7,"featured_media":5981,"comment_status":"closed","ping_status":"closed","sticky":false,"template":"","format":"standard","meta":{"_et_pb_use_builder":"","_et_pb_old_content":"","_et_gb_content_width":"","footnotes":""},"categories":[6],"tags":[],"class_list":["post-5979","post","type-post","status-publish","format-standard","has-post-thumbnail","hentry","category-aktualna-dogadanja"],"_links":{"self":[{"href":"https:\/\/prva.hr\/index.php\/wp-json\/wp\/v2\/posts\/5979","targetHints":{"allow":["GET"]}}],"collection":[{"href":"https:\/\/prva.hr\/index.php\/wp-json\/wp\/v2\/posts"}],"about":[{"href":"https:\/\/prva.hr\/index.php\/wp-json\/wp\/v2\/types\/post"}],"author":[{"embeddable":true,"href":"https:\/\/prva.hr\/index.php\/wp-json\/wp\/v2\/users\/7"}],"replies":[{"embeddable":true,"href":"https:\/\/prva.hr\/index.php\/wp-json\/wp\/v2\/comments?post=5979"}],"version-history":[{"count":1,"href":"https:\/\/prva.hr\/index.php\/wp-json\/wp\/v2\/posts\/5979\/revisions"}],"predecessor-version":[{"id":5980,"href":"https:\/\/prva.hr\/index.php\/wp-json\/wp\/v2\/posts\/5979\/revisions\/5980"}],"wp:featuredmedia":[{"embeddable":true,"href":"https:\/\/prva.hr\/index.php\/wp-json\/wp\/v2\/media\/5981"}],"wp:attachment":[{"href":"https:\/\/prva.hr\/index.php\/wp-json\/wp\/v2\/media?parent=5979"}],"wp:term":[{"taxonomy":"category","embeddable":true,"href":"https:\/\/prva.hr\/index.php\/wp-json\/wp\/v2\/categories?post=5979"},{"taxonomy":"post_tag","embeddable":true,"href":"https:\/\/prva.hr\/index.php\/wp-json\/wp\/v2\/tags?post=5979"}],"curies":[{"name":"wp","href":"https:\/\/api.w.org\/{rel}","templated":true}]}}