{"id":6026,"date":"2019-08-21T15:00:54","date_gmt":"2019-08-21T13:00:54","guid":{"rendered":"http:\/\/www.prva.hr\/?p=6026"},"modified":"2025-12-04T09:45:26","modified_gmt":"2025-12-04T08:45:26","slug":"kraj-projekta-stem-na-kvadrat","status":"publish","type":"post","link":"https:\/\/prva.hr\/index.php\/2019\/08\/21\/kraj-projekta-stem-na-kvadrat\/","title":{"rendered":"Zavr\u0161etak projekta &#8220;STEM na kvadrat&#8221;"},"content":{"rendered":"<p>Dana 19. kolovoza 2019. zavr\u0161en je projekt \u201cSTEM na kvadrat\u201d koji se provodio u na\u0161oj \u0161koli od 20. kolovoza 2018., kao dio programa mobilnosti ERASMUS+ KA 1 (job shadowing). Nositeljice projekta, nastavnice kemije i biologije, prof. Snje\u017eana Liber i prof. Ivana Gambiro\u017ea su u listopadu 2018. i o\u017eujku 2019. godine posjetile Prvu gimnaziju Maribor te nakratko postale dio njezinog kolektiva.<\/p>\n<p>Tijekom svojih boravaka u Mariboru na\u0161e nastavnice su aktivno sudjelovale u nizu aktivnosti (o kojima je vi\u0161e bilo rije\u010di u prethodnim objavama) s ciljem razvijanja nastave STEM podru\u010dja. Novoste\u010dena znanja i iskustva koja su usvojile u razdobljima mobilnosti, nastavnice su nastojale implementirati u nastavu odmah po povratku u \u0161kolu. Kao jedan od brojnih primjera svakako treba istaknuti projekt \u201cSTEM u akciji\u201d, realiziran u sklopu Projektnog dana I. gimnazije, 7. svibnja 2019. godine. Tom su prilikom u\u010denici na zagreba\u010dkim jezerima Savica uzorkovali vodu i sediment. Dio u\u010denika je provodio biolo\u0161ku, a dio u\u010denika kemijsku analizu uzoraka.<\/p>\n<p><a href=\"http:\/\/www.prva.hr\/?attachment_id=6029\" rel=\"attachment wp-att-6029\"><img decoding=\"async\" class=\"alignnone size-medium wp-image-6029 lazyload\" data-src=\"https:\/\/www.prva.hr\/wp-content\/uploads\/2019\/08\/IMG_20190507_112643-300x225.jpg\" alt=\"\" width=\"300\" height=\"225\" data-srcset=\"https:\/\/prva.hr\/wp-content\/uploads\/2019\/08\/IMG_20190507_112643-300x225.jpg 300w, https:\/\/prva.hr\/wp-content\/uploads\/2019\/08\/IMG_20190507_112643-768x576.jpg 768w, https:\/\/prva.hr\/wp-content\/uploads\/2019\/08\/IMG_20190507_112643-1024x768.jpg 1024w, https:\/\/prva.hr\/wp-content\/uploads\/2019\/08\/IMG_20190507_112643-400x300.jpg 400w\" data-sizes=\"(max-width: 300px) 100vw, 300px\" src=\"data:image\/svg+xml;base64,PHN2ZyB3aWR0aD0iMSIgaGVpZ2h0PSIxIiB4bWxucz0iaHR0cDovL3d3dy53My5vcmcvMjAwMC9zdmciPjwvc3ZnPg==\" style=\"--smush-placeholder-width: 300px; --smush-placeholder-aspect-ratio: 300\/225;\" \/><\/a>\u00a0 \u00a0 \u00a0 \u00a0 \u00a0<a href=\"http:\/\/www.prva.hr\/?attachment_id=6030\" rel=\"attachment wp-att-6030\"><img decoding=\"async\" class=\"alignnone size-medium wp-image-6030 lazyload\" data-src=\"https:\/\/www.prva.hr\/wp-content\/uploads\/2019\/08\/IMG_20190507_112811-300x225.jpg\" alt=\"\" width=\"300\" height=\"225\" data-srcset=\"https:\/\/prva.hr\/wp-content\/uploads\/2019\/08\/IMG_20190507_112811-300x225.jpg 300w, https:\/\/prva.hr\/wp-content\/uploads\/2019\/08\/IMG_20190507_112811-768x576.jpg 768w, https:\/\/prva.hr\/wp-content\/uploads\/2019\/08\/IMG_20190507_112811-1024x768.jpg 1024w, https:\/\/prva.hr\/wp-content\/uploads\/2019\/08\/IMG_20190507_112811-400x300.jpg 400w\" data-sizes=\"(max-width: 300px) 100vw, 300px\" src=\"data:image\/svg+xml;base64,PHN2ZyB3aWR0aD0iMSIgaGVpZ2h0PSIxIiB4bWxucz0iaHR0cDovL3d3dy53My5vcmcvMjAwMC9zdmciPjwvc3ZnPg==\" style=\"--smush-placeholder-width: 300px; --smush-placeholder-aspect-ratio: 300\/225;\" \/><\/a>\u00a0 \u00a0 \u00a0 \u00a0 \u00a0\u00a0<a href=\"http:\/\/www.prva.hr\/?attachment_id=6031\" rel=\"attachment wp-att-6031\"><img decoding=\"async\" class=\"alignnone size-medium wp-image-6031 lazyload\" data-src=\"https:\/\/www.prva.hr\/wp-content\/uploads\/2019\/08\/IMG_20190507_113532-300x300.jpg\" alt=\"\" width=\"300\" height=\"300\" data-srcset=\"https:\/\/prva.hr\/wp-content\/uploads\/2019\/08\/IMG_20190507_113532-300x300.jpg 300w, https:\/\/prva.hr\/wp-content\/uploads\/2019\/08\/IMG_20190507_113532-150x150.jpg 150w, https:\/\/prva.hr\/wp-content\/uploads\/2019\/08\/IMG_20190507_113532-768x768.jpg 768w, https:\/\/prva.hr\/wp-content\/uploads\/2019\/08\/IMG_20190507_113532-1024x1024.jpg 1024w, https:\/\/prva.hr\/wp-content\/uploads\/2019\/08\/IMG_20190507_113532.jpg 1560w\" data-sizes=\"(max-width: 300px) 100vw, 300px\" src=\"data:image\/svg+xml;base64,PHN2ZyB3aWR0aD0iMSIgaGVpZ2h0PSIxIiB4bWxucz0iaHR0cDovL3d3dy53My5vcmcvMjAwMC9zdmciPjwvc3ZnPg==\" style=\"--smush-placeholder-width: 300px; --smush-placeholder-aspect-ratio: 300\/300;\" \/><\/a>\u00a0 \u00a0 \u00a0 \u00a0 \u00a0 \u00a0 \u00a0 \u00a0 \u00a0 \u00a0 \u00a0\u00a0<a href=\"http:\/\/www.prva.hr\/?attachment_id=6032\" rel=\"attachment wp-att-6032\"><img decoding=\"async\" class=\"alignnone size-medium wp-image-6032 lazyload\" data-src=\"https:\/\/www.prva.hr\/wp-content\/uploads\/2019\/08\/IMG_20190507_122801-225x300.jpg\" alt=\"\" width=\"225\" height=\"300\" data-srcset=\"https:\/\/prva.hr\/wp-content\/uploads\/2019\/08\/IMG_20190507_122801-225x300.jpg 225w, https:\/\/prva.hr\/wp-content\/uploads\/2019\/08\/IMG_20190507_122801-768x1024.jpg 768w\" data-sizes=\"(max-width: 225px) 100vw, 225px\" src=\"data:image\/svg+xml;base64,PHN2ZyB3aWR0aD0iMSIgaGVpZ2h0PSIxIiB4bWxucz0iaHR0cDovL3d3dy53My5vcmcvMjAwMC9zdmciPjwvc3ZnPg==\" style=\"--smush-placeholder-width: 225px; --smush-placeholder-aspect-ratio: 225\/300;\" \/><\/a><\/p>\n<p>Upotrebom kompleta za kolorimetrijsko i titrimetrijsko odre\u0111ivanje najva\u017enijih vodnih parametara te uz pomo\u0107 nastavnica, u\u010denici su o\u010ditovali temperaturu vode, odre\u0111ivali karbonatnu tvrdo\u0107u vode, prisutnost du\u0161ika, prisutnost fosfora u vodi te mjerili pH, izra\u0111ivali preparate, mikroskopirali i determinirali vrste. Osim pronalaska brojnih biljnih i \u017eivotinjskih vrsta (stjenice vesla\u010dice, vodenbuhe, malo\u010detina\u0161i) pomo\u0107u kojih su odredili stupanj \u010disto\u0107e vode, u\u010denici su o\u010dekivano potvrdili pretpostavku kako voda na jezerima Savica nije za pi\u0107e. \u00a0Svoje rezultate su zabilje\u017eili na radnim listi\u0107ima na temelju kojih je izra\u0111en video materijal prezentiran u\u010denicima, ali i svim zainteresiranim posjetiteljima na Danu otvorenih vrata, 30. svibnja 2019. godine. Vi\u0161e o samom doga\u0111aju dostupno je <a href=\"https:\/\/www.thinglink.com\/scene\/1218564082462883847?editor-closed\">ovdje<\/a>.<\/p>\n<p><a href=\"http:\/\/www.prva.hr\/?attachment_id=6035\" rel=\"attachment wp-att-6035\">\u00a0\u00a0<img decoding=\"async\" class=\"alignnone size-medium wp-image-6035 lazyload\" data-src=\"https:\/\/www.prva.hr\/wp-content\/uploads\/2019\/08\/IMG_20190530_190511-225x300.jpg\" alt=\"\" width=\"225\" height=\"300\" data-srcset=\"https:\/\/prva.hr\/wp-content\/uploads\/2019\/08\/IMG_20190530_190511-225x300.jpg 225w, https:\/\/prva.hr\/wp-content\/uploads\/2019\/08\/IMG_20190530_190511-768x1024.jpg 768w\" data-sizes=\"(max-width: 225px) 100vw, 225px\" src=\"data:image\/svg+xml;base64,PHN2ZyB3aWR0aD0iMSIgaGVpZ2h0PSIxIiB4bWxucz0iaHR0cDovL3d3dy53My5vcmcvMjAwMC9zdmciPjwvc3ZnPg==\" style=\"--smush-placeholder-width: 225px; --smush-placeholder-aspect-ratio: 225\/300;\" \/>\u00a0 <\/a> <a href=\"http:\/\/www.prva.hr\/?attachment_id=6036\" rel=\"attachment wp-att-6036\"><img decoding=\"async\" class=\"alignnone size-medium wp-image-6036 lazyload\" data-src=\"https:\/\/www.prva.hr\/wp-content\/uploads\/2019\/08\/IMG_20190530_190747-300x225.jpg\" alt=\"\" width=\"300\" height=\"225\" data-srcset=\"https:\/\/prva.hr\/wp-content\/uploads\/2019\/08\/IMG_20190530_190747-300x225.jpg 300w, https:\/\/prva.hr\/wp-content\/uploads\/2019\/08\/IMG_20190530_190747-768x576.jpg 768w, https:\/\/prva.hr\/wp-content\/uploads\/2019\/08\/IMG_20190530_190747-1024x768.jpg 1024w, https:\/\/prva.hr\/wp-content\/uploads\/2019\/08\/IMG_20190530_190747-400x300.jpg 400w\" data-sizes=\"(max-width: 300px) 100vw, 300px\" src=\"data:image\/svg+xml;base64,PHN2ZyB3aWR0aD0iMSIgaGVpZ2h0PSIxIiB4bWxucz0iaHR0cDovL3d3dy53My5vcmcvMjAwMC9zdmciPjwvc3ZnPg==\" style=\"--smush-placeholder-width: 300px; --smush-placeholder-aspect-ratio: 300\/225;\" \/><\/a>\u00a0 \u00a0<a href=\"http:\/\/www.prva.hr\/?attachment_id=6037\" rel=\"attachment wp-att-6037\"><img decoding=\"async\" class=\"alignnone size-medium wp-image-6037 lazyload\" data-src=\"https:\/\/www.prva.hr\/wp-content\/uploads\/2019\/08\/IMG_20190530_191800-300x225.jpg\" alt=\"\" width=\"300\" height=\"225\" data-srcset=\"https:\/\/prva.hr\/wp-content\/uploads\/2019\/08\/IMG_20190530_191800-300x225.jpg 300w, https:\/\/prva.hr\/wp-content\/uploads\/2019\/08\/IMG_20190530_191800-768x576.jpg 768w, https:\/\/prva.hr\/wp-content\/uploads\/2019\/08\/IMG_20190530_191800-1024x768.jpg 1024w, https:\/\/prva.hr\/wp-content\/uploads\/2019\/08\/IMG_20190530_191800-400x300.jpg 400w\" data-sizes=\"(max-width: 300px) 100vw, 300px\" src=\"data:image\/svg+xml;base64,PHN2ZyB3aWR0aD0iMSIgaGVpZ2h0PSIxIiB4bWxucz0iaHR0cDovL3d3dy53My5vcmcvMjAwMC9zdmciPjwvc3ZnPg==\" style=\"--smush-placeholder-width: 300px; --smush-placeholder-aspect-ratio: 300\/225;\" \/><\/a>\u00a0 \u00a0 \u00a0 \u00a0 \u00a0 \u00a0 \u00a0 \u00a0 \u00a0 \u00a0 \u00a0 \u00a0 \u00a0 \u00a0<a href=\"http:\/\/www.prva.hr\/?attachment_id=6038\" rel=\"attachment wp-att-6038\"><img decoding=\"async\" class=\"alignnone size-medium wp-image-6038 lazyload\" data-src=\"https:\/\/www.prva.hr\/wp-content\/uploads\/2019\/08\/IMG_20190530_191903-300x225.jpg\" alt=\"\" width=\"300\" height=\"225\" data-srcset=\"https:\/\/prva.hr\/wp-content\/uploads\/2019\/08\/IMG_20190530_191903-300x225.jpg 300w, https:\/\/prva.hr\/wp-content\/uploads\/2019\/08\/IMG_20190530_191903-768x576.jpg 768w, https:\/\/prva.hr\/wp-content\/uploads\/2019\/08\/IMG_20190530_191903-1024x768.jpg 1024w, https:\/\/prva.hr\/wp-content\/uploads\/2019\/08\/IMG_20190530_191903-400x300.jpg 400w\" data-sizes=\"(max-width: 300px) 100vw, 300px\" src=\"data:image\/svg+xml;base64,PHN2ZyB3aWR0aD0iMSIgaGVpZ2h0PSIxIiB4bWxucz0iaHR0cDovL3d3dy53My5vcmcvMjAwMC9zdmciPjwvc3ZnPg==\" style=\"--smush-placeholder-width: 300px; --smush-placeholder-aspect-ratio: 300\/225;\" \/><\/a><\/p>\n<p>Uspore\u0111ivanjem uspjeha na provjerama znanja iz razdoblja prije i nakon provo\u0111enja projekta \u201cSTEM na kvadrat\u201d, ispitivanjem zadovoljstva u\u010denika kroz upitnike te pa\u017eljivom analizom povratnih informacije, prof. Gambiro\u017ea i Liber su do\u0161le do vrijednih zaklju\u010daka koji \u0107e, sigurni smo, biti va\u017ena smjernica u njihovom daljnjem radu i usavr\u0161avanju.<\/p>\n<p>Tijekom svojih boravaka u Mariboru, nastavnice Gambiro\u017ea i Liber upoznale su se i s bogatim kulturno-povijesnim znamenitostima grada Maribora u pratnji mariborskih kolega. Izvrsna suradnja i zajedni\u010dki provedeno vrijeme u ugodnoj i afirmativnoj atmosferi, rezultirali su daljnjim povezivanjem i ra\u0111anjem nove ideje o tome kako kroz zajedni\u010dku suradnju dodatno razvijati nastavu STEM podru\u010dja. Ideja je razra\u0111ena i pretvorena u novi, dvogodi\u0161nji KA2 Erasmus+ projekt \u201cSTEM na tre\u0107u\u2019\u2019 o kojem \u0107e, kako je najavljeno u <a href=\"https:\/\/www.prva.hr\/index.php\/2019\/07\/03\/najava-projekta-stem-na-trecu\/\">prethodnim objavama<\/a>, vi\u0161e rije\u010di biti uskoro.<\/p>\n<p>Nadamo se da \u0107e realizirani projekti, kao i oni \u010dija realizacija tek slijedi, doprinijeti daljnjem razvoju nastave STEM podru\u010dja u na\u0161oj \u0161koli, kao i daljnoj integraciji u suvremene europske obrazovne trendove. Tako\u0111er se nadamo da \u0107e na\u0161 primjer potaknuti i druge \u0161kole na sudjelovanje u me\u0111unarodnim projektima te ih motivirati na pridru\u017eivanje europskoj mre\u017ei razmjene znanja i vje\u0161tina, a na\u0161im nastavnicama Liber i Gambiro\u017ea \u010destitamo na uspje\u0161no realiziranom projektu te \u017eelimo puno uspjeha u provedbi budu\u0107ih!<\/p>\n<p><a href=\"http:\/\/www.prva.hr\/?attachment_id=6033\" rel=\"attachment wp-att-6033\"><img decoding=\"async\" class=\"alignnone size-medium wp-image-6033 lazyload\" data-src=\"https:\/\/www.prva.hr\/wp-content\/uploads\/2019\/08\/IMG-20190416-WA0031-225x300.jpg\" alt=\"\" width=\"225\" height=\"300\" data-srcset=\"https:\/\/prva.hr\/wp-content\/uploads\/2019\/08\/IMG-20190416-WA0031-225x300.jpg 225w, https:\/\/prva.hr\/wp-content\/uploads\/2019\/08\/IMG-20190416-WA0031-768x1024.jpg 768w, https:\/\/prva.hr\/wp-content\/uploads\/2019\/08\/IMG-20190416-WA0031.jpg 1200w\" data-sizes=\"(max-width: 225px) 100vw, 225px\" src=\"data:image\/svg+xml;base64,PHN2ZyB3aWR0aD0iMSIgaGVpZ2h0PSIxIiB4bWxucz0iaHR0cDovL3d3dy53My5vcmcvMjAwMC9zdmciPjwvc3ZnPg==\" style=\"--smush-placeholder-width: 225px; --smush-placeholder-aspect-ratio: 225\/300;\" \/><\/a>\u00a0 \u00a0 \u00a0 \u00a0<a href=\"http:\/\/www.prva.hr\/index.php\/2019\/02\/15\/posjet-prvoj-gimnaziji-maribor-u-sklopu-projekta-stem-na-kvadrat\/logosbeneficaireserasmusright_hr\/\" rel=\"attachment wp-att-4840\"><img decoding=\"async\" class=\"alignnone size-medium wp-image-4840 lazyload\" data-src=\"https:\/\/www.prva.hr\/wp-content\/uploads\/2019\/02\/logosbeneficaireserasmusright_hr-300x62.jpg\" alt=\"\" width=\"300\" height=\"62\" data-srcset=\"https:\/\/prva.hr\/wp-content\/uploads\/2019\/02\/logosbeneficaireserasmusright_hr-300x62.jpg 300w, https:\/\/prva.hr\/wp-content\/uploads\/2019\/02\/logosbeneficaireserasmusright_hr-768x158.jpg 768w, https:\/\/prva.hr\/wp-content\/uploads\/2019\/02\/logosbeneficaireserasmusright_hr-1024x210.jpg 1024w, https:\/\/prva.hr\/wp-content\/uploads\/2019\/02\/logosbeneficaireserasmusright_hr-400x82.jpg 400w\" data-sizes=\"(max-width: 300px) 100vw, 300px\" src=\"data:image\/svg+xml;base64,PHN2ZyB3aWR0aD0iMSIgaGVpZ2h0PSIxIiB4bWxucz0iaHR0cDovL3d3dy53My5vcmcvMjAwMC9zdmciPjwvc3ZnPg==\" style=\"--smush-placeholder-width: 300px; --smush-placeholder-aspect-ratio: 300\/62;\" \/><\/a><\/p>\n<p>&nbsp;<\/p>\n<p>O aktivnostima i tijeku projekta mo\u017eete \u010ditati u prethodnim objavama,\u00a0\u00a0a vi\u0161e o samom\u00a0programu Erasmus + mo\u017eete pro\u010ditati\u00a0<a href=\"https:\/\/www.prva.hr\/wp-content\/uploads\/2019\/02\/Erasmus-bro%C5%A1ura.pdf\">ovdje<\/a><\/p>\n","protected":false},"excerpt":{"rendered":"<p>Dana 19. kolovoza 2019. zavr\u0161en je projekt \u201cSTEM na kvadrat\u201d koji se provodio u na\u0161oj \u0161koli od 20. kolovoza 2018., kao dio programa mobilnosti ERASMUS+ KA 1 (job shadowing). Nositeljice projekta, nastavnice kemije i biologije, prof. Snje\u017eana Liber i prof. Ivana Gambiro\u017ea su u listopadu 2018. i o\u017eujku 2019. godine posjetile Prvu gimnaziju Maribor te [&hellip;]<\/p>\n","protected":false},"author":6,"featured_media":6041,"comment_status":"closed","ping_status":"closed","sticky":false,"template":"","format":"standard","meta":{"_et_pb_use_builder":"","_et_pb_old_content":"","_et_gb_content_width":"","footnotes":""},"categories":[66,148],"tags":[],"class_list":["post-6026","post","type-post","status-publish","format-standard","has-post-thumbnail","hentry","category-aktivnosti-projekti-erasmus","category-erasmus-aktivnosti"],"_links":{"self":[{"href":"https:\/\/prva.hr\/index.php\/wp-json\/wp\/v2\/posts\/6026","targetHints":{"allow":["GET"]}}],"collection":[{"href":"https:\/\/prva.hr\/index.php\/wp-json\/wp\/v2\/posts"}],"about":[{"href":"https:\/\/prva.hr\/index.php\/wp-json\/wp\/v2\/types\/post"}],"author":[{"embeddable":true,"href":"https:\/\/prva.hr\/index.php\/wp-json\/wp\/v2\/users\/6"}],"replies":[{"embeddable":true,"href":"https:\/\/prva.hr\/index.php\/wp-json\/wp\/v2\/comments?post=6026"}],"version-history":[{"count":16,"href":"https:\/\/prva.hr\/index.php\/wp-json\/wp\/v2\/posts\/6026\/revisions"}],"predecessor-version":[{"id":6028,"href":"https:\/\/prva.hr\/index.php\/wp-json\/wp\/v2\/posts\/6026\/revisions\/6028"}],"wp:featuredmedia":[{"embeddable":true,"href":"https:\/\/prva.hr\/index.php\/wp-json\/wp\/v2\/media\/6041"}],"wp:attachment":[{"href":"https:\/\/prva.hr\/index.php\/wp-json\/wp\/v2\/media?parent=6026"}],"wp:term":[{"taxonomy":"category","embeddable":true,"href":"https:\/\/prva.hr\/index.php\/wp-json\/wp\/v2\/categories?post=6026"},{"taxonomy":"post_tag","embeddable":true,"href":"https:\/\/prva.hr\/index.php\/wp-json\/wp\/v2\/tags?post=6026"}],"curies":[{"name":"wp","href":"https:\/\/api.w.org\/{rel}","templated":true}]}}