{"id":604,"date":"2012-10-15T12:36:07","date_gmt":"2012-10-15T10:36:07","guid":{"rendered":"http:\/\/www2.prva.hr\/?p=604"},"modified":"2017-08-05T12:36:31","modified_gmt":"2017-08-05T10:36:31","slug":"planinarski-izlet-na-medvednicu-obiljezavanje-svjetskog-dana-pjesacenja","status":"publish","type":"post","link":"https:\/\/prva.hr\/index.php\/2012\/10\/15\/planinarski-izlet-na-medvednicu-obiljezavanje-svjetskog-dana-pjesacenja\/","title":{"rendered":"Planinarski izlet na Medvednicu (obilje\u017eavanje Svjetskog dana pje\u0161a\u010denja)"},"content":{"rendered":"<p>14. 10. 2012. smo obilje\u017eili Svjetski dan pje\u0161a\u010denja. Ove godine smo pomaknuli pje\u0161a\u010dku turu u listopad te je vrijeme bilo hladnije nego ina\u010de. Krenuli smo od tunela u Gra\u010danima, kraj potoka Bliznec prema Puntijarki. Dobar dio staze bio je u magli ali sve muke penjanja su zaboravljene kada nas je na cilju do\u010dekalo sunce. Unato\u010d lo\u0161im vremenskim najavama i vi\u0161ednevnoj ki\u0161i ipak je 83 hrabrih savladalo uspon i u\u017eivalo u dru\u017eenju i \u010distom zraku. Kao pravi planinari mnogi su se okrijepili grahom. Nakon finog ru\u010dka pala je i pjesma te zajedni\u010dki povratak u grad. Baterije su napunjene za izazove u sljede\u0107em tjednu!<\/p>\n<p>Meri Matu\u0161an<\/p>\n","protected":false},"excerpt":{"rendered":"<p>14. 10. 2012. smo obilje\u017eili Svjetski dan pje\u0161a\u010denja. Ove godine smo pomaknuli pje\u0161a\u010dku turu u listopad te je vrijeme bilo hladnije nego ina\u010de. Krenuli smo od tunela u Gra\u010danima, kraj potoka Bliznec prema Puntijarki. Dobar dio staze bio je u magli ali sve muke penjanja su zaboravljene kada nas je na cilju do\u010dekalo sunce. Unato\u010d [&hellip;]<\/p>\n","protected":false},"author":1,"featured_media":0,"comment_status":"closed","ping_status":"closed","sticky":false,"template":"","format":"standard","meta":{"_et_pb_use_builder":"","_et_pb_old_content":"","_et_gb_content_width":"","footnotes":""},"categories":[9],"tags":[],"class_list":["post-604","post","type-post","status-publish","format-standard","hentry","category-arhiva"],"_links":{"self":[{"href":"https:\/\/prva.hr\/index.php\/wp-json\/wp\/v2\/posts\/604","targetHints":{"allow":["GET"]}}],"collection":[{"href":"https:\/\/prva.hr\/index.php\/wp-json\/wp\/v2\/posts"}],"about":[{"href":"https:\/\/prva.hr\/index.php\/wp-json\/wp\/v2\/types\/post"}],"author":[{"embeddable":true,"href":"https:\/\/prva.hr\/index.php\/wp-json\/wp\/v2\/users\/1"}],"replies":[{"embeddable":true,"href":"https:\/\/prva.hr\/index.php\/wp-json\/wp\/v2\/comments?post=604"}],"version-history":[{"count":1,"href":"https:\/\/prva.hr\/index.php\/wp-json\/wp\/v2\/posts\/604\/revisions"}],"predecessor-version":[{"id":605,"href":"https:\/\/prva.hr\/index.php\/wp-json\/wp\/v2\/posts\/604\/revisions\/605"}],"wp:attachment":[{"href":"https:\/\/prva.hr\/index.php\/wp-json\/wp\/v2\/media?parent=604"}],"wp:term":[{"taxonomy":"category","embeddable":true,"href":"https:\/\/prva.hr\/index.php\/wp-json\/wp\/v2\/categories?post=604"},{"taxonomy":"post_tag","embeddable":true,"href":"https:\/\/prva.hr\/index.php\/wp-json\/wp\/v2\/tags?post=604"}],"curies":[{"name":"wp","href":"https:\/\/api.w.org\/{rel}","templated":true}]}}