{"id":606,"date":"2012-10-22T12:36:56","date_gmt":"2012-10-22T10:36:56","guid":{"rendered":"http:\/\/www2.prva.hr\/?p=606"},"modified":"2017-08-05T12:37:31","modified_gmt":"2017-08-05T10:37:31","slug":"ekolosko-humanitarna-akcija-ucenika-i-profesora-i-gimnazije-u-parku-prirode-medvednica","status":"publish","type":"post","link":"https:\/\/prva.hr\/index.php\/2012\/10\/22\/ekolosko-humanitarna-akcija-ucenika-i-profesora-i-gimnazije-u-parku-prirode-medvednica\/","title":{"rendered":"EKOLO\u0160KO-HUMANITARNA AKCIJA U\u010cENIKA I PROFESORA I. GIMNAZIJE U PARKU PRIRODE MEDVEDNICA"},"content":{"rendered":"<p>U\u00a0 subotu (20. listopada 2012.) proveli smo akciju \u010di\u0161\u0107enja u Parku prirode Medvednica. Veliki broj sudionika, to\u010dnije 122 u\u010denika prvih razreda, 10 \u010dlanova volonterske grupe i 11 profesora,\u00a0 okupio se u jutarnjim satima u \u0160estinama.<\/p>\n<p>Tu nas je do\u010dekala na\u0161a doma\u0107ica iz Javne ustanove Parka prirode Medvednica, gospo\u0111a Kristina. Nakon kra\u0107eg dogovora podijelili smo vre\u0107e za sme\u0107e, priredili rukavice te krenuli put pou\u010dne staze Miroslavec. \u0160e\u0107u\u0107i stazom skupljali smo sme\u0107e i tako stigli do Kralji\u010dinog zdenca. Nakon kra\u0107eg odmora i okrijepe nastavili smo s \u010di\u0161\u0107enjem prostora uzvodno i oko samog Kralji\u010dinog zdenca. Tu je bilo ne\u0161to vi\u0161e posla te smo na\u0161li prave \u201ekapitalce\u201c u svijetu sme\u0107a kao \u0161to su: ostaci \u0161tednjaka, metalni vodokotli\u0107, kante\u2026\u00a0 Pune vre\u0107e ostavili smo na parkirali\u0161tu u blizini kako bi ih mogli pokupiti djelatnici Parka. Na\u0161 pohod nastavili smo prema Medvedgradu. Tamo su nas do\u010dekali ljubazni doma\u0107ini te nas proveli gradom, a sun\u010dano i toplo vrijeme iskoristili smo za u\u017eivanje u pogledu s kule.<\/p>\n<p>Povratak u \u0160estine uslijedio je oko 14 sati. Na\u0161a prva akcija time je uspje\u0161no zavr\u0161ena. Zahvaljujemo svima, u\u010denicima i kolegama na sudjelovanju te pozivamo sve da nam se pridru\u017ee i u idu\u0107oj akciji. Veliko hvala Javnoj ustanovi Park prirode Medvednica i gospo\u0111i Kristini na dobroj volji i pomo\u0107i u realizaciji na\u0161e akcije. Postigli smo cilj, spojili smo ugodno dru\u017eenje i boravak u prirodi s korisnim djelovanjem u okoli\u0161u, a pone\u0161to smo i nau\u010dili o dijelu na\u0161e prirodne i kulturne ba\u0161tine.<\/p>\n<p>Goranka Markovi\u0107, prof.<\/p>\n<p>&nbsp;<\/p>\n<p>O na\u0161oj akciji oglasio se i Park prirode Medvednica na svojoj web stranici:<\/p>\n<p><a href=\"http:\/\/www.pp-medvednica.hr\/Medvednica_hr\/Medvednica_novosti1.asp#N0500318\" target=\"_blank\">http:\/\/www.pp-medvednica.hr\/Medvednica_hr\/Medvednica_novosti1.asp#N0500318<\/a><\/p>\n<p>&nbsp;<\/p>\n<p><img decoding=\"async\" data-src=\"http:\/\/www.prva.hr\/images\/stories\/prva\/slike\/lipanj\/eh%20akcija%20pp%20medvednica5.jpg\" width=\"431\" height=\"322\" border=\"0\" src=\"data:image\/svg+xml;base64,PHN2ZyB3aWR0aD0iMSIgaGVpZ2h0PSIxIiB4bWxucz0iaHR0cDovL3d3dy53My5vcmcvMjAwMC9zdmciPjwvc3ZnPg==\" class=\"lazyload\" style=\"--smush-placeholder-width: 431px; --smush-placeholder-aspect-ratio: 431\/322;\" \/><\/p>\n<p>&nbsp;<\/p>\n<p><img decoding=\"async\" data-src=\"http:\/\/www.prva.hr\/images\/stories\/prva\/slike\/lipanj\/eh%20akcija%20pp%20medvednica19.jpg\" width=\"394\" height=\"525\" border=\"0\" src=\"data:image\/svg+xml;base64,PHN2ZyB3aWR0aD0iMSIgaGVpZ2h0PSIxIiB4bWxucz0iaHR0cDovL3d3dy53My5vcmcvMjAwMC9zdmciPjwvc3ZnPg==\" class=\"lazyload\" style=\"--smush-placeholder-width: 394px; --smush-placeholder-aspect-ratio: 394\/525;\" \/><\/p>\n<p>&nbsp;<\/p>\n<p><img decoding=\"async\" data-src=\"http:\/\/www.prva.hr\/images\/stories\/prva\/slike\/lipanj\/eh%20akcija%20pp%20medvednica22.jpg\" width=\"433\" height=\"323\" border=\"0\" src=\"data:image\/svg+xml;base64,PHN2ZyB3aWR0aD0iMSIgaGVpZ2h0PSIxIiB4bWxucz0iaHR0cDovL3d3dy53My5vcmcvMjAwMC9zdmciPjwvc3ZnPg==\" class=\"lazyload\" style=\"--smush-placeholder-width: 433px; --smush-placeholder-aspect-ratio: 433\/323;\" \/><\/p>\n","protected":false},"excerpt":{"rendered":"<p>U\u00a0 subotu (20. listopada 2012.) proveli smo akciju \u010di\u0161\u0107enja u Parku prirode Medvednica. Veliki broj sudionika, to\u010dnije 122 u\u010denika prvih razreda, 10 \u010dlanova volonterske grupe i 11 profesora,\u00a0 okupio se u jutarnjim satima u \u0160estinama. Tu nas je do\u010dekala na\u0161a doma\u0107ica iz Javne ustanove Parka prirode Medvednica, gospo\u0111a Kristina. Nakon kra\u0107eg dogovora podijelili smo vre\u0107e [&hellip;]<\/p>\n","protected":false},"author":1,"featured_media":0,"comment_status":"closed","ping_status":"closed","sticky":false,"template":"","format":"standard","meta":{"_et_pb_use_builder":"","_et_pb_old_content":"","_et_gb_content_width":"","footnotes":""},"categories":[9],"tags":[],"class_list":["post-606","post","type-post","status-publish","format-standard","hentry","category-arhiva"],"_links":{"self":[{"href":"https:\/\/prva.hr\/index.php\/wp-json\/wp\/v2\/posts\/606","targetHints":{"allow":["GET"]}}],"collection":[{"href":"https:\/\/prva.hr\/index.php\/wp-json\/wp\/v2\/posts"}],"about":[{"href":"https:\/\/prva.hr\/index.php\/wp-json\/wp\/v2\/types\/post"}],"author":[{"embeddable":true,"href":"https:\/\/prva.hr\/index.php\/wp-json\/wp\/v2\/users\/1"}],"replies":[{"embeddable":true,"href":"https:\/\/prva.hr\/index.php\/wp-json\/wp\/v2\/comments?post=606"}],"version-history":[{"count":1,"href":"https:\/\/prva.hr\/index.php\/wp-json\/wp\/v2\/posts\/606\/revisions"}],"predecessor-version":[{"id":607,"href":"https:\/\/prva.hr\/index.php\/wp-json\/wp\/v2\/posts\/606\/revisions\/607"}],"wp:attachment":[{"href":"https:\/\/prva.hr\/index.php\/wp-json\/wp\/v2\/media?parent=606"}],"wp:term":[{"taxonomy":"category","embeddable":true,"href":"https:\/\/prva.hr\/index.php\/wp-json\/wp\/v2\/categories?post=606"},{"taxonomy":"post_tag","embeddable":true,"href":"https:\/\/prva.hr\/index.php\/wp-json\/wp\/v2\/tags?post=606"}],"curies":[{"name":"wp","href":"https:\/\/api.w.org\/{rel}","templated":true}]}}