{"id":608,"date":"2012-10-23T12:37:45","date_gmt":"2012-10-23T10:37:45","guid":{"rendered":"http:\/\/www2.prva.hr\/?p=608"},"modified":"2017-08-05T12:38:07","modified_gmt":"2017-08-05T10:38:07","slug":"ucenica-i-gimnazije-mia-eres-izabrana-u-savjet-mladih-grada-zagreba","status":"publish","type":"post","link":"https:\/\/prva.hr\/index.php\/2012\/10\/23\/ucenica-i-gimnazije-mia-eres-izabrana-u-savjet-mladih-grada-zagreba\/","title":{"rendered":"U\u010denica I. gimnazije, Mia Ere\u0161, izabrana u Savjet mladih Grada Zagreba!"},"content":{"rendered":"<p>Izme\u0111u brojnih kandidata, u\u010denica 3.c razreda I. gimnazije, Mia Ere\u0161, izabrana je u Savjet mladih Grada Zagreba.<br \/>\nSavjet mladih Grada Zagreba je savjetodavno tijelo Gradske skup\u0161tine kojemu je cilj aktivno uklju\u010divanje mladih u javni \u017eivot Grada Zagreba. Savjet ima 15 \u010dlanova i u okviru svog djelokruga raspravlja i daje prijedloge za unapre\u0111enje polo\u017eaja mladih. \u010cestitamo, Mia!<\/p>\n","protected":false},"excerpt":{"rendered":"<p>Izme\u0111u brojnih kandidata, u\u010denica 3.c razreda I. gimnazije, Mia Ere\u0161, izabrana je u Savjet mladih Grada Zagreba. Savjet mladih Grada Zagreba je savjetodavno tijelo Gradske skup\u0161tine kojemu je cilj aktivno uklju\u010divanje mladih u javni \u017eivot Grada Zagreba. Savjet ima 15 \u010dlanova i u okviru svog djelokruga raspravlja i daje prijedloge za unapre\u0111enje polo\u017eaja mladih. \u010cestitamo, [&hellip;]<\/p>\n","protected":false},"author":1,"featured_media":0,"comment_status":"closed","ping_status":"closed","sticky":false,"template":"","format":"standard","meta":{"_et_pb_use_builder":"","_et_pb_old_content":"","_et_gb_content_width":"","footnotes":""},"categories":[9],"tags":[],"class_list":["post-608","post","type-post","status-publish","format-standard","hentry","category-arhiva"],"_links":{"self":[{"href":"https:\/\/prva.hr\/index.php\/wp-json\/wp\/v2\/posts\/608","targetHints":{"allow":["GET"]}}],"collection":[{"href":"https:\/\/prva.hr\/index.php\/wp-json\/wp\/v2\/posts"}],"about":[{"href":"https:\/\/prva.hr\/index.php\/wp-json\/wp\/v2\/types\/post"}],"author":[{"embeddable":true,"href":"https:\/\/prva.hr\/index.php\/wp-json\/wp\/v2\/users\/1"}],"replies":[{"embeddable":true,"href":"https:\/\/prva.hr\/index.php\/wp-json\/wp\/v2\/comments?post=608"}],"version-history":[{"count":1,"href":"https:\/\/prva.hr\/index.php\/wp-json\/wp\/v2\/posts\/608\/revisions"}],"predecessor-version":[{"id":609,"href":"https:\/\/prva.hr\/index.php\/wp-json\/wp\/v2\/posts\/608\/revisions\/609"}],"wp:attachment":[{"href":"https:\/\/prva.hr\/index.php\/wp-json\/wp\/v2\/media?parent=608"}],"wp:term":[{"taxonomy":"category","embeddable":true,"href":"https:\/\/prva.hr\/index.php\/wp-json\/wp\/v2\/categories?post=608"},{"taxonomy":"post_tag","embeddable":true,"href":"https:\/\/prva.hr\/index.php\/wp-json\/wp\/v2\/tags?post=608"}],"curies":[{"name":"wp","href":"https:\/\/api.w.org\/{rel}","templated":true}]}}