{"id":6115,"date":"2019-09-11T14:21:15","date_gmt":"2019-09-11T12:21:15","guid":{"rendered":"http:\/\/www.prva.hr\/?p=6115"},"modified":"2019-09-11T14:21:15","modified_gmt":"2019-09-11T12:21:15","slug":"dodjela-nagrada-za-najbolji-razred-u-skolskoj-godini-2018-2019","status":"publish","type":"post","link":"https:\/\/prva.hr\/index.php\/2019\/09\/11\/dodjela-nagrada-za-najbolji-razred-u-skolskoj-godini-2018-2019\/","title":{"rendered":"Dodjela nagrada za Najbolji razred u \u0161kolskoj godini 2018.\/2019."},"content":{"rendered":"<p>Na prvi dan nastavne godine 2019.\/2020., u ponedjeljak 9 rujna, odr\u017eali smo tradicionalno progla\u0161enje najboljeg razreda u prethodnoj \u0161kolskoj godini. Nagrada Najbolji razred dodjeljuje se na temelju deset kategorija kojima se procjenjuje uspje\u0161nost i organiziranost svakog razrednog odjeljenja.<\/p>\n<p>Ovaj je put tre\u0107e mjesto osvojio 2.a, drugo mjesto 2.e, dok je\u00a0<strong>najboljim razredom u \u0161kolskoj godini 2018.\/2019. progla\u0161en (ovogodi\u0161nji) 2.b<\/strong>. \u010cestitamo u\u010denicima i njihovim razrednicima!<\/p>\n","protected":false},"excerpt":{"rendered":"<p>Na prvi dan nastavne godine 2019.\/2020., u ponedjeljak 9 rujna, odr\u017eali smo tradicionalno progla\u0161enje najboljeg razreda u prethodnoj \u0161kolskoj godini. Nagrada Najbolji razred dodjeljuje se na temelju deset kategorija kojima se procjenjuje uspje\u0161nost i organiziranost svakog razrednog odjeljenja. Ovaj je put tre\u0107e mjesto osvojio 2.a, drugo mjesto 2.e, dok je\u00a0najboljim razredom u \u0161kolskoj godini 2018.\/2019. [&hellip;]<\/p>\n","protected":false},"author":6,"featured_media":6116,"comment_status":"closed","ping_status":"closed","sticky":false,"template":"","format":"standard","meta":{"_et_pb_use_builder":"","_et_pb_old_content":"","_et_gb_content_width":"","footnotes":""},"categories":[65,4],"tags":[],"class_list":["post-6115","post","type-post","status-publish","format-standard","has-post-thumbnail","hentry","category-aktivnosti-projekti-promicanje-izvrsnosti","category-najnovije-vijesti"],"_links":{"self":[{"href":"https:\/\/prva.hr\/index.php\/wp-json\/wp\/v2\/posts\/6115","targetHints":{"allow":["GET"]}}],"collection":[{"href":"https:\/\/prva.hr\/index.php\/wp-json\/wp\/v2\/posts"}],"about":[{"href":"https:\/\/prva.hr\/index.php\/wp-json\/wp\/v2\/types\/post"}],"author":[{"embeddable":true,"href":"https:\/\/prva.hr\/index.php\/wp-json\/wp\/v2\/users\/6"}],"replies":[{"embeddable":true,"href":"https:\/\/prva.hr\/index.php\/wp-json\/wp\/v2\/comments?post=6115"}],"version-history":[{"count":1,"href":"https:\/\/prva.hr\/index.php\/wp-json\/wp\/v2\/posts\/6115\/revisions"}],"predecessor-version":[{"id":6117,"href":"https:\/\/prva.hr\/index.php\/wp-json\/wp\/v2\/posts\/6115\/revisions\/6117"}],"wp:featuredmedia":[{"embeddable":true,"href":"https:\/\/prva.hr\/index.php\/wp-json\/wp\/v2\/media\/6116"}],"wp:attachment":[{"href":"https:\/\/prva.hr\/index.php\/wp-json\/wp\/v2\/media?parent=6115"}],"wp:term":[{"taxonomy":"category","embeddable":true,"href":"https:\/\/prva.hr\/index.php\/wp-json\/wp\/v2\/categories?post=6115"},{"taxonomy":"post_tag","embeddable":true,"href":"https:\/\/prva.hr\/index.php\/wp-json\/wp\/v2\/tags?post=6115"}],"curies":[{"name":"wp","href":"https:\/\/api.w.org\/{rel}","templated":true}]}}