{"id":612,"date":"2012-11-09T12:39:13","date_gmt":"2012-11-09T11:39:13","guid":{"rendered":"http:\/\/www2.prva.hr\/?p=612"},"modified":"2017-08-05T12:39:32","modified_gmt":"2017-08-05T10:39:32","slug":"koncert-srednjoskolskih-skupina-na-trgu-bana-j-jelacica","status":"publish","type":"post","link":"https:\/\/prva.hr\/index.php\/2012\/11\/09\/koncert-srednjoskolskih-skupina-na-trgu-bana-j-jelacica\/","title":{"rendered":"Koncert srednjo\u0161kolskih skupina na Trgu bana .J.Jela\u010di\u0107a"},"content":{"rendered":"<p>Pozivamo vas da svojim dolaskom u petak, 21. studenoga od 16.00 sati obilje\u017eite Dan srednjo\u0161kolaca i me\u0111unarodni Dan tolerancije. Na Trgu bana Josipa Jela\u010di\u0107a odr\u017eat \u0107e se glazbeno-edukativna manifestacija na kojoj \u0107e, izme\u0111u ostalih, sudjelovati i na\u0161i \u0161kolski bendovi: Saharoza, Bareta &amp; Sto zvanja, Klub 27 i Really big mistakes.<\/p>\n","protected":false},"excerpt":{"rendered":"<p>Pozivamo vas da svojim dolaskom u petak, 21. studenoga od 16.00 sati obilje\u017eite Dan srednjo\u0161kolaca i me\u0111unarodni Dan tolerancije. Na Trgu bana Josipa Jela\u010di\u0107a odr\u017eat \u0107e se glazbeno-edukativna manifestacija na kojoj \u0107e, izme\u0111u ostalih, sudjelovati i na\u0161i \u0161kolski bendovi: Saharoza, Bareta &amp; Sto zvanja, Klub 27 i Really big mistakes.<\/p>\n","protected":false},"author":1,"featured_media":0,"comment_status":"closed","ping_status":"closed","sticky":false,"template":"","format":"standard","meta":{"_et_pb_use_builder":"","_et_pb_old_content":"","_et_gb_content_width":"","footnotes":""},"categories":[9],"tags":[],"class_list":["post-612","post","type-post","status-publish","format-standard","hentry","category-arhiva"],"_links":{"self":[{"href":"https:\/\/prva.hr\/index.php\/wp-json\/wp\/v2\/posts\/612","targetHints":{"allow":["GET"]}}],"collection":[{"href":"https:\/\/prva.hr\/index.php\/wp-json\/wp\/v2\/posts"}],"about":[{"href":"https:\/\/prva.hr\/index.php\/wp-json\/wp\/v2\/types\/post"}],"author":[{"embeddable":true,"href":"https:\/\/prva.hr\/index.php\/wp-json\/wp\/v2\/users\/1"}],"replies":[{"embeddable":true,"href":"https:\/\/prva.hr\/index.php\/wp-json\/wp\/v2\/comments?post=612"}],"version-history":[{"count":1,"href":"https:\/\/prva.hr\/index.php\/wp-json\/wp\/v2\/posts\/612\/revisions"}],"predecessor-version":[{"id":613,"href":"https:\/\/prva.hr\/index.php\/wp-json\/wp\/v2\/posts\/612\/revisions\/613"}],"wp:attachment":[{"href":"https:\/\/prva.hr\/index.php\/wp-json\/wp\/v2\/media?parent=612"}],"wp:term":[{"taxonomy":"category","embeddable":true,"href":"https:\/\/prva.hr\/index.php\/wp-json\/wp\/v2\/categories?post=612"},{"taxonomy":"post_tag","embeddable":true,"href":"https:\/\/prva.hr\/index.php\/wp-json\/wp\/v2\/tags?post=612"}],"curies":[{"name":"wp","href":"https:\/\/api.w.org\/{rel}","templated":true}]}}