{"id":616,"date":"2012-11-21T12:40:36","date_gmt":"2012-11-21T11:40:36","guid":{"rendered":"http:\/\/www2.prva.hr\/?p=616"},"modified":"2017-08-05T12:40:55","modified_gmt":"2017-08-05T10:40:55","slug":"plivacka-festa-za-dan-skole","status":"publish","type":"post","link":"https:\/\/prva.hr\/index.php\/2012\/11\/21\/plivacka-festa-za-dan-skole\/","title":{"rendered":"Pliva\u010dka fe\u0161ta za Dan \u0161kole"},"content":{"rendered":"<p>20. 11. 2012. sportski smo obillje\u017eili Dan \u0161kole. Na bazenu Utrina odr\u017eali smo natjecanje<br \/>\nrazrednih pliva\u010dkih \u0161tafeta. Sudjelovalo je 18 ekipa (najvi\u0161e do sada). Konkurencija je bila<br \/>\nzaista jaka i velik broj ekipa se nadao ulasku u finalnu utrku. Ali tu je bilo mjesta samo za 5<br \/>\nnajbr\u017eih: 4.e, 3.a, 4.a, 2.c i 4.c. U vrlo uzbudljivoj zavr\u0161noj utrci pobjedu odnosi fenomenalna<br \/>\nekipa 4.a (rezultatom 1:27,79), drugo mjesto osvojila je ekipa 3.a dok je do tre\u0107eg mjesta<br \/>\ndoplivala ekipa 2.c. Ujedno je pobjedni\u010dko vrijeme rekord svih dosada\u0161njih natjecanja!<\/p>\n<p>Odli\u010dna je bila atmosfera na tribinama. Navija\u010di su se zaista pripremili i navijanjem pomogli<br \/>\nsvojim favoritima. Bilo je tu i kreativnih plakata i poruka.<\/p>\n<p>Program imao i svoj zabavni dio \u2013 natjecanje u smije\u0161nim skokovima gdje smo mogli vidjeti<br \/>\nrazne vratolomije, daske, bombe, grupne to\u010dke. Nekoliko hrabrih skaka\u010da je prakti\u010dno<br \/>\nprovjerilo fizikalni pojam povr\u0161inske napetosti (nadamo se da \u0107e profesorice fizike to znati<br \/>\ncijeniti). \u201eStrogi\u201c \u017eiri u sastavu prof. Bo\u017ei\u010devi\u0107, prof. Luka\u010devi\u0107 i Ahmed odlu\u010dio je slatku<br \/>\nnagradu (veeeliku Milku) za najkreativnije skokove dodijeliti Mariju Liberu i Gordanu<br \/>\nKrmeku.<\/p>\n<p>Doga\u0111anje su nam uljep\u0161ale i djevojke iz Kluba sinhroniziranog plivanja Mladost koje su nam<br \/>\nizvele dvije atraktivne to\u010dke. Posebno smo ponosni na Paulu Popovi\u0107 i Josipu Kaji\u0107 koje su<br \/>\n\u010dlanice tog kluba i koje su nam tako\u0111er nastupile i pokazale svoj iznimni talent.<\/p>\n<p>\u010cestitamo i svim ostalim ekipama koje su nastupile, naro\u010dito razredima koji su imali dvije<br \/>\nekipe \u2013 1.d i 3.a. To je apsolutno najve\u0107e dostignu\u0107e ovog natjecanja.<\/p>\n<p>Spomenimo i da su u organizaciji natjecanja pomogle djevojke iz 3.e kao linijske sutkinje<br \/>\na cijeli program vodio je veseli dvojac Markusi \u2013 Maljkovi\u0107 koje su spretno usmjeravale<br \/>\nnatjecanje, bilje\u017eile rezultate i dizale atmosferu. Pred sam kraj natjecanja super iznena\u0111enje<br \/>\nnam je pripremio i nezamjennjivi prof. Lovri\u0107 sko\u010div\u0161i u bazen u odje\u0107i (Lovri\u0107u, da te nema<br \/>\ntrebalo bi te izmisliti).<\/p>\n<p>Ovakav doga\u0111aj s puno uzbu\u0111enja i zabave je najbolji na\u010din da dragoj nam Prvoj \u010destitamo<br \/>\n158. ro\u0111endan! \u017divjela nam jo\u0161 puno, puno godina!<\/p>\n<p>Meri Matu\u0161an<\/p>\n","protected":false},"excerpt":{"rendered":"<p>20. 11. 2012. sportski smo obillje\u017eili Dan \u0161kole. Na bazenu Utrina odr\u017eali smo natjecanje razrednih pliva\u010dkih \u0161tafeta. Sudjelovalo je 18 ekipa (najvi\u0161e do sada). Konkurencija je bila zaista jaka i velik broj ekipa se nadao ulasku u finalnu utrku. Ali tu je bilo mjesta samo za 5 najbr\u017eih: 4.e, 3.a, 4.a, 2.c i 4.c. U [&hellip;]<\/p>\n","protected":false},"author":1,"featured_media":0,"comment_status":"closed","ping_status":"closed","sticky":false,"template":"","format":"standard","meta":{"_et_pb_use_builder":"","_et_pb_old_content":"","_et_gb_content_width":"","footnotes":""},"categories":[9],"tags":[],"class_list":["post-616","post","type-post","status-publish","format-standard","hentry","category-arhiva"],"_links":{"self":[{"href":"https:\/\/prva.hr\/index.php\/wp-json\/wp\/v2\/posts\/616","targetHints":{"allow":["GET"]}}],"collection":[{"href":"https:\/\/prva.hr\/index.php\/wp-json\/wp\/v2\/posts"}],"about":[{"href":"https:\/\/prva.hr\/index.php\/wp-json\/wp\/v2\/types\/post"}],"author":[{"embeddable":true,"href":"https:\/\/prva.hr\/index.php\/wp-json\/wp\/v2\/users\/1"}],"replies":[{"embeddable":true,"href":"https:\/\/prva.hr\/index.php\/wp-json\/wp\/v2\/comments?post=616"}],"version-history":[{"count":1,"href":"https:\/\/prva.hr\/index.php\/wp-json\/wp\/v2\/posts\/616\/revisions"}],"predecessor-version":[{"id":617,"href":"https:\/\/prva.hr\/index.php\/wp-json\/wp\/v2\/posts\/616\/revisions\/617"}],"wp:attachment":[{"href":"https:\/\/prva.hr\/index.php\/wp-json\/wp\/v2\/media?parent=616"}],"wp:term":[{"taxonomy":"category","embeddable":true,"href":"https:\/\/prva.hr\/index.php\/wp-json\/wp\/v2\/categories?post=616"},{"taxonomy":"post_tag","embeddable":true,"href":"https:\/\/prva.hr\/index.php\/wp-json\/wp\/v2\/tags?post=616"}],"curies":[{"name":"wp","href":"https:\/\/api.w.org\/{rel}","templated":true}]}}