{"id":618,"date":"2012-11-21T12:41:55","date_gmt":"2012-11-21T11:41:55","guid":{"rendered":"http:\/\/www2.prva.hr\/?p=618"},"modified":"2017-08-05T12:42:24","modified_gmt":"2017-08-05T10:42:24","slug":"pohvala-i-gimnaziji","status":"publish","type":"post","link":"https:\/\/prva.hr\/index.php\/2012\/11\/21\/pohvala-i-gimnaziji\/","title":{"rendered":"Pohvala I. gimnaziji"},"content":{"rendered":"<p>I. gimnazija dobila je pohvalu za uspje\u0161no provedenu ekolo\u0161ko-humanitarnu akciju u Parku prirode Medvednica u kojoj su 20. listopada 2012. sudjelovali u\u010denici prvih razreda, \u010dlanovi Volonterskog kluba i nastavnici.<\/p>\n<p>Zahvaljujemo svima na sudjelovanju i drago nam je \u0161to je trud na\u0161ih u\u010denika i nastavnika prepoznat i izvan granica \u0161kole.<\/p>\n<p>&nbsp;<\/p>\n<p><img decoding=\"async\" src=\"http:\/\/www.prva.hr\/images\/stories\/prva\/slike\/pohvala12.13.bmp\" width=\"368\" height=\"520\" border=\"0\" \/><\/p>\n","protected":false},"excerpt":{"rendered":"<p>I. gimnazija dobila je pohvalu za uspje\u0161no provedenu ekolo\u0161ko-humanitarnu akciju u Parku prirode Medvednica u kojoj su 20. listopada 2012. sudjelovali u\u010denici prvih razreda, \u010dlanovi Volonterskog kluba i nastavnici. Zahvaljujemo svima na sudjelovanju i drago nam je \u0161to je trud na\u0161ih u\u010denika i nastavnika prepoznat i izvan granica \u0161kole. &nbsp;<\/p>\n","protected":false},"author":1,"featured_media":0,"comment_status":"closed","ping_status":"closed","sticky":false,"template":"","format":"standard","meta":{"_et_pb_use_builder":"","_et_pb_old_content":"","_et_gb_content_width":"","footnotes":""},"categories":[9],"tags":[],"class_list":["post-618","post","type-post","status-publish","format-standard","hentry","category-arhiva"],"_links":{"self":[{"href":"https:\/\/prva.hr\/index.php\/wp-json\/wp\/v2\/posts\/618","targetHints":{"allow":["GET"]}}],"collection":[{"href":"https:\/\/prva.hr\/index.php\/wp-json\/wp\/v2\/posts"}],"about":[{"href":"https:\/\/prva.hr\/index.php\/wp-json\/wp\/v2\/types\/post"}],"author":[{"embeddable":true,"href":"https:\/\/prva.hr\/index.php\/wp-json\/wp\/v2\/users\/1"}],"replies":[{"embeddable":true,"href":"https:\/\/prva.hr\/index.php\/wp-json\/wp\/v2\/comments?post=618"}],"version-history":[{"count":1,"href":"https:\/\/prva.hr\/index.php\/wp-json\/wp\/v2\/posts\/618\/revisions"}],"predecessor-version":[{"id":619,"href":"https:\/\/prva.hr\/index.php\/wp-json\/wp\/v2\/posts\/618\/revisions\/619"}],"wp:attachment":[{"href":"https:\/\/prva.hr\/index.php\/wp-json\/wp\/v2\/media?parent=618"}],"wp:term":[{"taxonomy":"category","embeddable":true,"href":"https:\/\/prva.hr\/index.php\/wp-json\/wp\/v2\/categories?post=618"},{"taxonomy":"post_tag","embeddable":true,"href":"https:\/\/prva.hr\/index.php\/wp-json\/wp\/v2\/tags?post=618"}],"curies":[{"name":"wp","href":"https:\/\/api.w.org\/{rel}","templated":true}]}}