{"id":622,"date":"2012-11-27T12:43:07","date_gmt":"2012-11-27T11:43:07","guid":{"rendered":"http:\/\/www2.prva.hr\/?p=622"},"modified":"2017-08-05T12:43:31","modified_gmt":"2017-08-05T10:43:31","slug":"i-gimnazija-dobila-je-zahvalinicu-fer-a","status":"publish","type":"post","link":"https:\/\/prva.hr\/index.php\/2012\/11\/27\/i-gimnazija-dobila-je-zahvalinicu-fer-a\/","title":{"rendered":"I. gimnazija dobila je zahvalinicu FER-a"},"content":{"rendered":"<p>I ove \u0161kolske godine Fakultet elektrotehnike i ra\u010dunarstva izme\u0111u devet srednjih \u0161kola u Gradu Zagrebu i \u010detrnaest iz drugih \u017eupanija prepoznao je kvalitetu obrazovanja koju u\u010denicima pru\u017ea I. gimnazija. Jedina smo \u0161kola koja izvodi isklju\u010divo program op\u0107e gimnazije kojoj je na sve\u010danoj proslavi Dana fakulteta uru\u010dena zahvalinica za istaknuti doprinos srednjo\u0161kolskom obrazovanju. Najbolje rangiranom kandidatu I. gimnazije pri upisu na FER u akademskoj godini 2013.\/2014. bit \u0107e dodijeljena nagrada. Poseban je uspjeh \u0161to na\u0161i u\u010denici ovu presti\u017enu nagradu dobivaju ve\u0107 dugi niz godina.<\/p>\n<p>&nbsp;<\/p>\n<p><img decoding=\"async\" data-src=\"http:\/\/www.prva.hr\/images\/stories\/prva\/fer2012.jpg\" width=\"259\" height=\"364\" border=\"0\" src=\"data:image\/svg+xml;base64,PHN2ZyB3aWR0aD0iMSIgaGVpZ2h0PSIxIiB4bWxucz0iaHR0cDovL3d3dy53My5vcmcvMjAwMC9zdmciPjwvc3ZnPg==\" class=\"lazyload\" style=\"--smush-placeholder-width: 259px; --smush-placeholder-aspect-ratio: 259\/364;\" \/><\/p>\n","protected":false},"excerpt":{"rendered":"<p>I ove \u0161kolske godine Fakultet elektrotehnike i ra\u010dunarstva izme\u0111u devet srednjih \u0161kola u Gradu Zagrebu i \u010detrnaest iz drugih \u017eupanija prepoznao je kvalitetu obrazovanja koju u\u010denicima pru\u017ea I. gimnazija. Jedina smo \u0161kola koja izvodi isklju\u010divo program op\u0107e gimnazije kojoj je na sve\u010danoj proslavi Dana fakulteta uru\u010dena zahvalinica za istaknuti doprinos srednjo\u0161kolskom obrazovanju. Najbolje rangiranom kandidatu [&hellip;]<\/p>\n","protected":false},"author":1,"featured_media":0,"comment_status":"closed","ping_status":"closed","sticky":false,"template":"","format":"standard","meta":{"_et_pb_use_builder":"","_et_pb_old_content":"","_et_gb_content_width":"","footnotes":""},"categories":[9],"tags":[],"class_list":["post-622","post","type-post","status-publish","format-standard","hentry","category-arhiva"],"_links":{"self":[{"href":"https:\/\/prva.hr\/index.php\/wp-json\/wp\/v2\/posts\/622","targetHints":{"allow":["GET"]}}],"collection":[{"href":"https:\/\/prva.hr\/index.php\/wp-json\/wp\/v2\/posts"}],"about":[{"href":"https:\/\/prva.hr\/index.php\/wp-json\/wp\/v2\/types\/post"}],"author":[{"embeddable":true,"href":"https:\/\/prva.hr\/index.php\/wp-json\/wp\/v2\/users\/1"}],"replies":[{"embeddable":true,"href":"https:\/\/prva.hr\/index.php\/wp-json\/wp\/v2\/comments?post=622"}],"version-history":[{"count":1,"href":"https:\/\/prva.hr\/index.php\/wp-json\/wp\/v2\/posts\/622\/revisions"}],"predecessor-version":[{"id":623,"href":"https:\/\/prva.hr\/index.php\/wp-json\/wp\/v2\/posts\/622\/revisions\/623"}],"wp:attachment":[{"href":"https:\/\/prva.hr\/index.php\/wp-json\/wp\/v2\/media?parent=622"}],"wp:term":[{"taxonomy":"category","embeddable":true,"href":"https:\/\/prva.hr\/index.php\/wp-json\/wp\/v2\/categories?post=622"},{"taxonomy":"post_tag","embeddable":true,"href":"https:\/\/prva.hr\/index.php\/wp-json\/wp\/v2\/tags?post=622"}],"curies":[{"name":"wp","href":"https:\/\/api.w.org\/{rel}","templated":true}]}}