{"id":628,"date":"2012-12-04T12:45:16","date_gmt":"2012-12-04T11:45:16","guid":{"rendered":"http:\/\/www2.prva.hr\/?p=628"},"modified":"2017-08-05T12:45:36","modified_gmt":"2017-08-05T10:45:36","slug":"5-12-obiljezavamo-medunarodni-dan-volontera","status":"publish","type":"post","link":"https:\/\/prva.hr\/index.php\/2012\/12\/04\/5-12-obiljezavamo-medunarodni-dan-volontera\/","title":{"rendered":"5.12. obilje\u017eavamo Me\u0111unarodni dan volontera"},"content":{"rendered":"<p>U srijedu 5. 12. 2012.\u00a0 veselo \u0107emo obilje\u017eiti Me\u0111unarodni dan volontera. Povodom tog dana, uspjeli smo prikupiti preko 500 pakovanja slatki\u0161a u slatkoj akciji \u201eSlatki\u0161i za djecu Caritasa\u201c.<br \/>\nEkipa \u201eDobro jutro Hrvatska\u201c snimila je reporta\u017eu o uspjesima Volonterskog kluba I. gimnazije i bit \u0107e emitirana u srijedu 5.12. 2012.\u00a0 Svakako pogledajte!<\/p>\n<p>Tijekom velikog odmora, potra\u017eite \u0161tand Volonterskog kluba u predvorju \u0161kole i sudjelujte u najnovijoj akciji Volonterskog kluba \u201eMoj prijatelj treba pomo\u0107\u201c.<\/p>\n<p>Za simboli\u010dnu 1 kunu dobit \u0107ete slatki mali poklon sa sretnom ili mudrom misli.<br \/>\nAkcijom \u201eMoj prijatelj treba pomo\u0107\u201c prikupit \u0107emo sredstva za pomo\u0107 u\u010deniku ili u\u010denici na\u0161e \u0161kole kojima je potrebna na\u0161a pomo\u0107 da bi se osjetili sretnije i bolje.<br \/>\nDo neke nove akcije\u00a0 &#8211; volonterski moto Kluba I. gimnazije.<\/p>\n<p><img decoding=\"async\" data-src=\"http:\/\/www.prva.hr\/images\/stories\/prva\/slike\/p1000725.jpg\" width=\"224\" height=\"167\" border=\"0\" src=\"data:image\/svg+xml;base64,PHN2ZyB3aWR0aD0iMSIgaGVpZ2h0PSIxIiB4bWxucz0iaHR0cDovL3d3dy53My5vcmcvMjAwMC9zdmciPjwvc3ZnPg==\" class=\"lazyload\" style=\"--smush-placeholder-width: 224px; --smush-placeholder-aspect-ratio: 224\/167;\" \/> <img decoding=\"async\" data-src=\"http:\/\/www.prva.hr\/images\/stories\/prva\/slike\/p1000661.jpg\" width=\"223\" height=\"165\" border=\"0\" src=\"data:image\/svg+xml;base64,PHN2ZyB3aWR0aD0iMSIgaGVpZ2h0PSIxIiB4bWxucz0iaHR0cDovL3d3dy53My5vcmcvMjAwMC9zdmciPjwvc3ZnPg==\" class=\"lazyload\" style=\"--smush-placeholder-width: 223px; --smush-placeholder-aspect-ratio: 223\/165;\" \/><\/p>\n","protected":false},"excerpt":{"rendered":"<p>U srijedu 5. 12. 2012.\u00a0 veselo \u0107emo obilje\u017eiti Me\u0111unarodni dan volontera. Povodom tog dana, uspjeli smo prikupiti preko 500 pakovanja slatki\u0161a u slatkoj akciji \u201eSlatki\u0161i za djecu Caritasa\u201c. Ekipa \u201eDobro jutro Hrvatska\u201c snimila je reporta\u017eu o uspjesima Volonterskog kluba I. gimnazije i bit \u0107e emitirana u srijedu 5.12. 2012.\u00a0 Svakako pogledajte! Tijekom velikog odmora, potra\u017eite [&hellip;]<\/p>\n","protected":false},"author":1,"featured_media":0,"comment_status":"closed","ping_status":"closed","sticky":false,"template":"","format":"standard","meta":{"_et_pb_use_builder":"","_et_pb_old_content":"","_et_gb_content_width":"","footnotes":""},"categories":[9],"tags":[],"class_list":["post-628","post","type-post","status-publish","format-standard","hentry","category-arhiva"],"_links":{"self":[{"href":"https:\/\/prva.hr\/index.php\/wp-json\/wp\/v2\/posts\/628","targetHints":{"allow":["GET"]}}],"collection":[{"href":"https:\/\/prva.hr\/index.php\/wp-json\/wp\/v2\/posts"}],"about":[{"href":"https:\/\/prva.hr\/index.php\/wp-json\/wp\/v2\/types\/post"}],"author":[{"embeddable":true,"href":"https:\/\/prva.hr\/index.php\/wp-json\/wp\/v2\/users\/1"}],"replies":[{"embeddable":true,"href":"https:\/\/prva.hr\/index.php\/wp-json\/wp\/v2\/comments?post=628"}],"version-history":[{"count":1,"href":"https:\/\/prva.hr\/index.php\/wp-json\/wp\/v2\/posts\/628\/revisions"}],"predecessor-version":[{"id":629,"href":"https:\/\/prva.hr\/index.php\/wp-json\/wp\/v2\/posts\/628\/revisions\/629"}],"wp:attachment":[{"href":"https:\/\/prva.hr\/index.php\/wp-json\/wp\/v2\/media?parent=628"}],"wp:term":[{"taxonomy":"category","embeddable":true,"href":"https:\/\/prva.hr\/index.php\/wp-json\/wp\/v2\/categories?post=628"},{"taxonomy":"post_tag","embeddable":true,"href":"https:\/\/prva.hr\/index.php\/wp-json\/wp\/v2\/tags?post=628"}],"curies":[{"name":"wp","href":"https:\/\/api.w.org\/{rel}","templated":true}]}}