{"id":6314,"date":"2019-10-16T21:11:27","date_gmt":"2019-10-16T19:11:27","guid":{"rendered":"http:\/\/www.prva.hr\/?p=6314"},"modified":"2019-10-16T21:11:27","modified_gmt":"2019-10-16T19:11:27","slug":"prvenstvo-grada-zagreba-u-nogometu-za-mladice-12-10-2019","status":"publish","type":"post","link":"https:\/\/prva.hr\/index.php\/2019\/10\/16\/prvenstvo-grada-zagreba-u-nogometu-za-mladice-12-10-2019\/","title":{"rendered":"Prvenstvo grada Zagreba u NOGOMETU  za mladi\u0107e 12.10.2019."},"content":{"rendered":"<p><img decoding=\"async\" class=\"size-medium wp-image-6315 aligncenter lazyload\" data-src=\"https:\/\/www.prva.hr\/wp-content\/uploads\/2019\/10\/N-300x225.jpg\" alt=\"\" width=\"300\" height=\"225\" src=\"data:image\/svg+xml;base64,PHN2ZyB3aWR0aD0iMSIgaGVpZ2h0PSIxIiB4bWxucz0iaHR0cDovL3d3dy53My5vcmcvMjAwMC9zdmciPjwvc3ZnPg==\" style=\"--smush-placeholder-width: 300px; --smush-placeholder-aspect-ratio: 300\/225;\" \/><\/p>\n<p>&nbsp;<\/p>\n<p style=\"text-align: center;\"><strong>Sastav :<\/strong><\/p>\n<p style=\"text-align: center;\"><strong>Ivan Vugrin <\/strong><\/p>\n<p style=\"text-align: center;\"><strong>Ivan Vukojevi\u0107 <\/strong><\/p>\n<p style=\"text-align: center;\"><strong>Fran Do\u0161en <\/strong><\/p>\n<p style=\"text-align: center;\"><strong>Zvonimir Seletkovi\u0107 <\/strong><\/p>\n<p style=\"text-align: center;\"><strong>Ivan Seferovi\u0107 <\/strong><\/p>\n<p style=\"text-align: center;\"><strong>Antun Po\u017egaj<\/strong><\/p>\n<p style=\"text-align: center;\"><strong>Bruno Nagyszomaty<\/strong><\/p>\n<p style=\"text-align: center;\"><strong>Nikola Biland\u017eija<\/strong><\/p>\n<p style=\"text-align: center;\"><strong>Dominik Orki\u0107<\/strong><\/p>\n<p style=\"text-align: center;\"><strong>Leon Raos<\/strong><\/p>\n<p style=\"text-align: center;\"><strong>Luka Pavleka<\/strong><\/p>\n","protected":false},"excerpt":{"rendered":"<p>&nbsp; Sastav : Ivan Vugrin Ivan Vukojevi\u0107 Fran Do\u0161en Zvonimir Seletkovi\u0107 Ivan Seferovi\u0107 Antun Po\u017egaj Bruno Nagyszomaty Nikola Biland\u017eija Dominik Orki\u0107 Leon Raos Luka Pavleka<\/p>\n","protected":false},"author":7,"featured_media":0,"comment_status":"closed","ping_status":"closed","sticky":false,"template":"","format":"standard","meta":{"_et_pb_use_builder":"","_et_pb_old_content":"","_et_gb_content_width":"","footnotes":""},"categories":[48,6],"tags":[],"class_list":["post-6314","post","type-post","status-publish","format-standard","hentry","category-aktivnosti-izvannastavne-aktivnosti-ssd-prva","category-aktualna-dogadanja"],"_links":{"self":[{"href":"https:\/\/prva.hr\/index.php\/wp-json\/wp\/v2\/posts\/6314","targetHints":{"allow":["GET"]}}],"collection":[{"href":"https:\/\/prva.hr\/index.php\/wp-json\/wp\/v2\/posts"}],"about":[{"href":"https:\/\/prva.hr\/index.php\/wp-json\/wp\/v2\/types\/post"}],"author":[{"embeddable":true,"href":"https:\/\/prva.hr\/index.php\/wp-json\/wp\/v2\/users\/7"}],"replies":[{"embeddable":true,"href":"https:\/\/prva.hr\/index.php\/wp-json\/wp\/v2\/comments?post=6314"}],"version-history":[{"count":1,"href":"https:\/\/prva.hr\/index.php\/wp-json\/wp\/v2\/posts\/6314\/revisions"}],"predecessor-version":[{"id":6316,"href":"https:\/\/prva.hr\/index.php\/wp-json\/wp\/v2\/posts\/6314\/revisions\/6316"}],"wp:attachment":[{"href":"https:\/\/prva.hr\/index.php\/wp-json\/wp\/v2\/media?parent=6314"}],"wp:term":[{"taxonomy":"category","embeddable":true,"href":"https:\/\/prva.hr\/index.php\/wp-json\/wp\/v2\/categories?post=6314"},{"taxonomy":"post_tag","embeddable":true,"href":"https:\/\/prva.hr\/index.php\/wp-json\/wp\/v2\/tags?post=6314"}],"curies":[{"name":"wp","href":"https:\/\/api.w.org\/{rel}","templated":true}]}}