{"id":6317,"date":"2019-10-16T21:17:58","date_gmt":"2019-10-16T19:17:58","guid":{"rendered":"http:\/\/www.prva.hr\/?p=6317"},"modified":"2019-10-16T21:17:58","modified_gmt":"2019-10-16T19:17:58","slug":"prvenstvo-grada-zagreba-u-atletici-za-djevojke-26-9-2019","status":"publish","type":"post","link":"https:\/\/prva.hr\/index.php\/2019\/10\/16\/prvenstvo-grada-zagreba-u-atletici-za-djevojke-26-9-2019\/","title":{"rendered":"Prvenstvo grada Zagreba u ATLETICI za djevojke 26.9.2019."},"content":{"rendered":"<p><img decoding=\"async\" class=\"size-medium wp-image-6318 aligncenter lazyload\" data-src=\"https:\/\/www.prva.hr\/wp-content\/uploads\/2019\/10\/IMG_20190926_145055-300x225.jpg\" alt=\"\" width=\"300\" height=\"225\" src=\"data:image\/svg+xml;base64,PHN2ZyB3aWR0aD0iMSIgaGVpZ2h0PSIxIiB4bWxucz0iaHR0cDovL3d3dy53My5vcmcvMjAwMC9zdmciPjwvc3ZnPg==\" style=\"--smush-placeholder-width: 300px; --smush-placeholder-aspect-ratio: 300\/225;\" \/><\/p>\n<p>&nbsp;<\/p>\n<p style=\"text-align: center;\">SKOK U VIS- Marija Ostoji\u0107 3A \/ Petra Predrijevac\u00a0 2A<\/p>\n<p style=\"text-align: center;\">SKOK U DALJ- Marija Dolores \u0106osi\u0107 2D<\/p>\n<p style=\"text-align: center;\">KUGLA- Andrea Krivokapi\u0107 3D \/ Lucija Pendi\u0107 2D<\/p>\n<p style=\"text-align: center;\">100 m-Mia Kramari\u0107 4C<\/p>\n<p style=\"text-align: center;\">400 m-Paula Pavlin 2B<\/p>\n<p style=\"text-align: center;\">\u0160TAFETA- Mia Kramari\u0107 4C \/ Lucija Pendi\u0107 2D \/\u00a0Dea Grgi\u0107 2C \/ Nika Brdal 1A<\/p>\n<p>&nbsp;<\/p>\n<p>&nbsp;<\/p>\n<p><img decoding=\"async\" class=\"size-medium wp-image-6319 aligncenter lazyload\" data-src=\"https:\/\/www.prva.hr\/wp-content\/uploads\/2019\/10\/IMG_20190926_171647-225x300.jpg\" alt=\"\" width=\"225\" height=\"300\" src=\"data:image\/svg+xml;base64,PHN2ZyB3aWR0aD0iMSIgaGVpZ2h0PSIxIiB4bWxucz0iaHR0cDovL3d3dy53My5vcmcvMjAwMC9zdmciPjwvc3ZnPg==\" style=\"--smush-placeholder-width: 225px; --smush-placeholder-aspect-ratio: 225\/300;\" \/><\/p>\n<p style=\"text-align: center;\">Tr\u010danje 1500 m- Inga Ru\u0161anac 2E\u00a0 (drugo mjesto) \/ Hana Malovi\u0107\u00a0 (tre\u0107e mjesto)<\/p>\n<p>&nbsp;<\/p>\n<p>&nbsp;<\/p>\n","protected":false},"excerpt":{"rendered":"<p>&nbsp; SKOK U VIS- Marija Ostoji\u0107 3A \/ Petra Predrijevac\u00a0 2A SKOK U DALJ- Marija Dolores \u0106osi\u0107 2D KUGLA- Andrea Krivokapi\u0107 3D \/ Lucija Pendi\u0107 2D 100 m-Mia Kramari\u0107 4C 400 m-Paula Pavlin 2B \u0160TAFETA- Mia Kramari\u0107 4C \/ Lucija Pendi\u0107 2D \/\u00a0Dea Grgi\u0107 2C \/ Nika Brdal 1A &nbsp; &nbsp; Tr\u010danje 1500 m- Inga [&hellip;]<\/p>\n","protected":false},"author":7,"featured_media":0,"comment_status":"closed","ping_status":"closed","sticky":false,"template":"","format":"standard","meta":{"_et_pb_use_builder":"","_et_pb_old_content":"","_et_gb_content_width":"","footnotes":""},"categories":[48,6],"tags":[],"class_list":["post-6317","post","type-post","status-publish","format-standard","hentry","category-aktivnosti-izvannastavne-aktivnosti-ssd-prva","category-aktualna-dogadanja"],"_links":{"self":[{"href":"https:\/\/prva.hr\/index.php\/wp-json\/wp\/v2\/posts\/6317","targetHints":{"allow":["GET"]}}],"collection":[{"href":"https:\/\/prva.hr\/index.php\/wp-json\/wp\/v2\/posts"}],"about":[{"href":"https:\/\/prva.hr\/index.php\/wp-json\/wp\/v2\/types\/post"}],"author":[{"embeddable":true,"href":"https:\/\/prva.hr\/index.php\/wp-json\/wp\/v2\/users\/7"}],"replies":[{"embeddable":true,"href":"https:\/\/prva.hr\/index.php\/wp-json\/wp\/v2\/comments?post=6317"}],"version-history":[{"count":1,"href":"https:\/\/prva.hr\/index.php\/wp-json\/wp\/v2\/posts\/6317\/revisions"}],"predecessor-version":[{"id":6320,"href":"https:\/\/prva.hr\/index.php\/wp-json\/wp\/v2\/posts\/6317\/revisions\/6320"}],"wp:attachment":[{"href":"https:\/\/prva.hr\/index.php\/wp-json\/wp\/v2\/media?parent=6317"}],"wp:term":[{"taxonomy":"category","embeddable":true,"href":"https:\/\/prva.hr\/index.php\/wp-json\/wp\/v2\/categories?post=6317"},{"taxonomy":"post_tag","embeddable":true,"href":"https:\/\/prva.hr\/index.php\/wp-json\/wp\/v2\/tags?post=6317"}],"curies":[{"name":"wp","href":"https:\/\/api.w.org\/{rel}","templated":true}]}}