{"id":640,"date":"2012-12-18T12:50:52","date_gmt":"2012-12-18T11:50:52","guid":{"rendered":"http:\/\/www2.prva.hr\/?p=640"},"modified":"2017-08-05T12:51:13","modified_gmt":"2017-08-05T10:51:13","slug":"raspored-dogadanja-u-petak-21-12-2012","status":"publish","type":"post","link":"https:\/\/prva.hr\/index.php\/2012\/12\/18\/raspored-dogadanja-u-petak-21-12-2012\/","title":{"rendered":"Raspored doga\u0111anja u petak, 21.12.2012."},"content":{"rendered":"<p>U petak, 21.12.2012. nastava \u0107e se <strong>prva dva \u0161kolska sata<\/strong> odr\u017eati prema redovnom rasporedu s po\u010detkom u 14.00 sati.<\/p>\n<p><strong>Tre\u0107i \u0161kolski sat<\/strong> (u 15.40 sati) \u0107e razrednici odr\u017eati SRZ u sljede\u0107im u\u010dionicama i podijeliti izvje\u0161\u0107a:<br \/>\n1.a \u2013 216\u00a0\u00a0\u00a0\u00a0\u00a0\u00a0 3.a &#8211; 323<br \/>\n1.b &#8211; 214\u00a0\u00a0\u00a0\u00a0\u00a0\u00a0 3.b &#8211; 310<br \/>\n1.c &#8211; 228\u00a0\u00a0\u00a0\u00a0\u00a0\u00a0\u00a0 3.c &#8211; 318<br \/>\n1.d &#8211; 312\u00a0\u00a0\u00a0\u00a0\u00a0\u00a0\u00a0 3.d &#8211; 213<br \/>\n1.e &#8211; 315\u00a0\u00a0\u00a0\u00a0\u00a0\u00a0\u00a0 3.e &#8211; 209<br \/>\n2.a &#8211; 309\u00a0\u00a0\u00a0\u00a0\u00a0\u00a0\u00a0 4.a &#8211; 208<br \/>\n2.b &#8211; 317\u00a0\u00a0\u00a0\u00a0\u00a0\u00a0\u00a0 4.b &#8211; 221<br \/>\n2.c &#8211; 322\u00a0\u00a0\u00a0\u00a0\u00a0\u00a0\u00a0 4.c &#8211; 222<br \/>\n2.d &#8211; 314\u00a0\u00a0\u00a0\u00a0\u00a0\u00a0\u00a0 4.d &#8211; 320<br \/>\n2.e &#8211; 230\u00a0\u00a0\u00a0\u00a0\u00a0\u00a0\u00a0 4.e \u2013 217<\/p>\n<p><strong>U 16.00 sati<\/strong> u kinodvorani \u0107e se odr\u017eati humanitarni koncert i promocija Ljetopisa (za sada\u0161nje u\u010denike).<\/p>\n<p>Cijena ulaznice za koncert iznosi 8 kn, a Ljetopisa 35 kn. Blagajnici razreda trebaju prikupljeni novac zajedno s popisom u\u010denika predati u referadu do \u010detvrtka, 20.12.2012. Osigurajte svoj primjerak Ljetopisa na vrijeme jer su se pro\u0161le godine svi primjerci rasprodali u rekordnom roku!<\/p>\n<p>&nbsp;<\/p>\n<p><img decoding=\"async\" data-src=\"http:\/\/www.prva.hr\/images\/stories\/prva\/slike\/cestitka.jpg\" width=\"423\" height=\"264\" border=\"0\" src=\"data:image\/svg+xml;base64,PHN2ZyB3aWR0aD0iMSIgaGVpZ2h0PSIxIiB4bWxucz0iaHR0cDovL3d3dy53My5vcmcvMjAwMC9zdmciPjwvc3ZnPg==\" class=\"lazyload\" style=\"--smush-placeholder-width: 423px; --smush-placeholder-aspect-ratio: 423\/264;\" \/><\/p>\n","protected":false},"excerpt":{"rendered":"<p>U petak, 21.12.2012. nastava \u0107e se prva dva \u0161kolska sata odr\u017eati prema redovnom rasporedu s po\u010detkom u 14.00 sati. Tre\u0107i \u0161kolski sat (u 15.40 sati) \u0107e razrednici odr\u017eati SRZ u sljede\u0107im u\u010dionicama i podijeliti izvje\u0161\u0107a: 1.a \u2013 216\u00a0\u00a0\u00a0\u00a0\u00a0\u00a0 3.a &#8211; 323 1.b &#8211; 214\u00a0\u00a0\u00a0\u00a0\u00a0\u00a0 3.b &#8211; 310 1.c &#8211; 228\u00a0\u00a0\u00a0\u00a0\u00a0\u00a0\u00a0 3.c &#8211; 318 1.d &#8211; [&hellip;]<\/p>\n","protected":false},"author":1,"featured_media":0,"comment_status":"closed","ping_status":"closed","sticky":false,"template":"","format":"standard","meta":{"_et_pb_use_builder":"","_et_pb_old_content":"","_et_gb_content_width":"","footnotes":""},"categories":[9],"tags":[],"class_list":["post-640","post","type-post","status-publish","format-standard","hentry","category-arhiva"],"_links":{"self":[{"href":"https:\/\/prva.hr\/index.php\/wp-json\/wp\/v2\/posts\/640","targetHints":{"allow":["GET"]}}],"collection":[{"href":"https:\/\/prva.hr\/index.php\/wp-json\/wp\/v2\/posts"}],"about":[{"href":"https:\/\/prva.hr\/index.php\/wp-json\/wp\/v2\/types\/post"}],"author":[{"embeddable":true,"href":"https:\/\/prva.hr\/index.php\/wp-json\/wp\/v2\/users\/1"}],"replies":[{"embeddable":true,"href":"https:\/\/prva.hr\/index.php\/wp-json\/wp\/v2\/comments?post=640"}],"version-history":[{"count":1,"href":"https:\/\/prva.hr\/index.php\/wp-json\/wp\/v2\/posts\/640\/revisions"}],"predecessor-version":[{"id":641,"href":"https:\/\/prva.hr\/index.php\/wp-json\/wp\/v2\/posts\/640\/revisions\/641"}],"wp:attachment":[{"href":"https:\/\/prva.hr\/index.php\/wp-json\/wp\/v2\/media?parent=640"}],"wp:term":[{"taxonomy":"category","embeddable":true,"href":"https:\/\/prva.hr\/index.php\/wp-json\/wp\/v2\/categories?post=640"},{"taxonomy":"post_tag","embeddable":true,"href":"https:\/\/prva.hr\/index.php\/wp-json\/wp\/v2\/tags?post=640"}],"curies":[{"name":"wp","href":"https:\/\/api.w.org\/{rel}","templated":true}]}}