{"id":646,"date":"2013-01-23T12:54:00","date_gmt":"2013-01-23T11:54:00","guid":{"rendered":"http:\/\/www2.prva.hr\/?p=646"},"modified":"2017-08-05T12:54:23","modified_gmt":"2017-08-05T10:54:23","slug":"humanitarna-akcija-slatkisi-za-djecu-caritasa-intervju-na-radi-mariji","status":"publish","type":"post","link":"https:\/\/prva.hr\/index.php\/2013\/01\/23\/humanitarna-akcija-slatkisi-za-djecu-caritasa-intervju-na-radi-mariji\/","title":{"rendered":"HUMANITARNA AKCIJA \u201eSLATKI\u0160I ZA DJECU CARITASA\u201c &#8211; intervju na Radi Mariji"},"content":{"rendered":"<p>U srijedu 23.1.2013. u 9.00 sati na programu RADIO MARIJA mo\u017eete poslu\u0161ati intervju<br \/>\nnovinara Caritasa Zagreba\u010dke nadbiskupije sa Snje\u017eanom Pavli\u0107 \u0160epat, prof. latinskog jezika<br \/>\ni koordinatoricom humanitarnih aktivnosti I. gimnazije o uspje\u0161no provedenoj humanitarnoj<br \/>\nakciji u\u010denika i profesora I. gimnazije \u201eSlatki\u0161i za djecu Caritasa\u201c kojom se u vrijeme<br \/>\nbo\u017ei\u0107nog darivanja u prosincu 2012. god. prikupilo preko 500 pakiranja slatki\u0161a za potrebitu<br \/>\ndjecu Caritasa.<\/p>\n<p>Vi\u0161e o akciji mo\u017eete vidjeti i \u010duti na:<\/p>\n<p><a href=\"http:\/\/www.czn.hr\/Vijesti\/CijelaVijest.aspx?VijestID=812\">http:\/\/www.czn.hr\/Vijesti\/CijelaVijest.aspx?VijestID=812<\/a><\/p>\n","protected":false},"excerpt":{"rendered":"<p>U srijedu 23.1.2013. u 9.00 sati na programu RADIO MARIJA mo\u017eete poslu\u0161ati intervju novinara Caritasa Zagreba\u010dke nadbiskupije sa Snje\u017eanom Pavli\u0107 \u0160epat, prof. latinskog jezika i koordinatoricom humanitarnih aktivnosti I. gimnazije o uspje\u0161no provedenoj humanitarnoj akciji u\u010denika i profesora I. gimnazije \u201eSlatki\u0161i za djecu Caritasa\u201c kojom se u vrijeme bo\u017ei\u0107nog darivanja u prosincu 2012. god. prikupilo [&hellip;]<\/p>\n","protected":false},"author":1,"featured_media":0,"comment_status":"closed","ping_status":"closed","sticky":false,"template":"","format":"standard","meta":{"_et_pb_use_builder":"","_et_pb_old_content":"","_et_gb_content_width":"","footnotes":""},"categories":[9],"tags":[],"class_list":["post-646","post","type-post","status-publish","format-standard","hentry","category-arhiva"],"_links":{"self":[{"href":"https:\/\/prva.hr\/index.php\/wp-json\/wp\/v2\/posts\/646","targetHints":{"allow":["GET"]}}],"collection":[{"href":"https:\/\/prva.hr\/index.php\/wp-json\/wp\/v2\/posts"}],"about":[{"href":"https:\/\/prva.hr\/index.php\/wp-json\/wp\/v2\/types\/post"}],"author":[{"embeddable":true,"href":"https:\/\/prva.hr\/index.php\/wp-json\/wp\/v2\/users\/1"}],"replies":[{"embeddable":true,"href":"https:\/\/prva.hr\/index.php\/wp-json\/wp\/v2\/comments?post=646"}],"version-history":[{"count":1,"href":"https:\/\/prva.hr\/index.php\/wp-json\/wp\/v2\/posts\/646\/revisions"}],"predecessor-version":[{"id":647,"href":"https:\/\/prva.hr\/index.php\/wp-json\/wp\/v2\/posts\/646\/revisions\/647"}],"wp:attachment":[{"href":"https:\/\/prva.hr\/index.php\/wp-json\/wp\/v2\/media?parent=646"}],"wp:term":[{"taxonomy":"category","embeddable":true,"href":"https:\/\/prva.hr\/index.php\/wp-json\/wp\/v2\/categories?post=646"},{"taxonomy":"post_tag","embeddable":true,"href":"https:\/\/prva.hr\/index.php\/wp-json\/wp\/v2\/tags?post=646"}],"curies":[{"name":"wp","href":"https:\/\/api.w.org\/{rel}","templated":true}]}}