{"id":6500,"date":"2019-11-04T16:00:00","date_gmt":"2019-11-04T15:00:00","guid":{"rendered":"http:\/\/www.prva.hr\/?p=6500"},"modified":"2019-11-04T15:16:48","modified_gmt":"2019-11-04T14:16:48","slug":"pobjednik-izbora-za-logo-projekta-stem-na-trecu","status":"publish","type":"post","link":"https:\/\/prva.hr\/index.php\/2019\/11\/04\/pobjednik-izbora-za-logo-projekta-stem-na-trecu\/","title":{"rendered":"Pobjednik izbora za logo projekta STEM NA TRE\u0106U"},"content":{"rendered":"<p>Tijesnom odlukom devetero\u010dlanog \u017eirija izabran je pobjedni\u010dki logo za projekt <em>STEM na tre\u0107u<\/em>!<\/p>\n<p>Nakon prezentiranja radova u\u010denika predstavnika iz I. gimnazije Zagreb, Prve gimnazije Maribor i \u010ce\u0161ko-engleske gimnazije, uslijedilo je glasovanje u kojem su sudjelovali po tri nastavnika iz triju spomenutih \u0161kola a pobjedu je odnio slovenski predstavnik Jan Levec iz 1.c razreda.<\/p>\n<p>Janu \u010destitamo od srca na izvrsnom prijedlogu loga projekta i pobjedi! \u010cestitamo jo\u0161 jednom i na\u0161im predstavnicima, Mirni Javorovi\u0107, Enei Pi\u0161kor, Hrvoju Rostoharu i Luciji Topolko iz 3.e razreda te zahvaljujemo svima koji su se odazvali natje\u010daju!<\/p>\n<p><a href=\"http:\/\/www.prva.hr\/?attachment_id=6502\" rel=\"attachment wp-att-6502\"><img decoding=\"async\" class=\"alignnone size-medium wp-image-6502 lazyload\" data-src=\"https:\/\/www.prva.hr\/wp-content\/uploads\/2019\/11\/20191023_133557-e1572872269470-169x300.jpg\" alt=\"\" width=\"169\" height=\"300\" data-srcset=\"https:\/\/prva.hr\/wp-content\/uploads\/2019\/11\/20191023_133557-e1572872269470-169x300.jpg 169w, https:\/\/prva.hr\/wp-content\/uploads\/2019\/11\/20191023_133557-e1572872269470-768x1365.jpg 768w, https:\/\/prva.hr\/wp-content\/uploads\/2019\/11\/20191023_133557-e1572872269470-576x1024.jpg 576w\" data-sizes=\"(max-width: 169px) 100vw, 169px\" src=\"data:image\/svg+xml;base64,PHN2ZyB3aWR0aD0iMSIgaGVpZ2h0PSIxIiB4bWxucz0iaHR0cDovL3d3dy53My5vcmcvMjAwMC9zdmciPjwvc3ZnPg==\" style=\"--smush-placeholder-width: 169px; --smush-placeholder-aspect-ratio: 169\/300;\" \/>\u00a0 \u00a0 \u00a0 \u00a0 \u00a0 \u00a0 \u00a0 \u00a0 \u00a0 \u00a0 \u00a0 \u00a0 \u00a0 \u00a0 \u00a0 \u00a0 \u00a0 \u00a0 \u00a0 \u00a0 \u00a0 \u00a0 \u00a0 \u00a0 \u00a0<\/a><a href=\"http:\/\/www.prva.hr\/?attachment_id=6503\" rel=\"attachment wp-att-6503\"><img decoding=\"async\" class=\"alignnone size-medium wp-image-6503 lazyload\" data-src=\"https:\/\/www.prva.hr\/wp-content\/uploads\/2019\/11\/bfef281d-300x169.jpg\" alt=\"\" width=\"300\" height=\"169\" data-srcset=\"https:\/\/prva.hr\/wp-content\/uploads\/2019\/11\/bfef281d-300x169.jpg 300w, https:\/\/prva.hr\/wp-content\/uploads\/2019\/11\/bfef281d-768x432.jpg 768w, https:\/\/prva.hr\/wp-content\/uploads\/2019\/11\/bfef281d-1024x576.jpg 1024w, https:\/\/prva.hr\/wp-content\/uploads\/2019\/11\/bfef281d-400x225.jpg 400w\" data-sizes=\"(max-width: 300px) 100vw, 300px\" src=\"data:image\/svg+xml;base64,PHN2ZyB3aWR0aD0iMSIgaGVpZ2h0PSIxIiB4bWxucz0iaHR0cDovL3d3dy53My5vcmcvMjAwMC9zdmciPjwvc3ZnPg==\" style=\"--smush-placeholder-width: 300px; --smush-placeholder-aspect-ratio: 300\/169;\" \/><\/a><\/p>\n<p>Prezentacija predstavnika iz I. gimnazije Zagreb\u00a0 \u00a0 \u00a0 \u00a0 \u00a0 Prijedlozi za logo projekta<\/p>\n<p><a href=\"http:\/\/www.prva.hr\/?attachment_id=6501\" rel=\"attachment wp-att-6501\"><img decoding=\"async\" class=\"alignnone size-medium wp-image-6501 lazyload\" data-src=\"https:\/\/www.prva.hr\/wp-content\/uploads\/2019\/11\/Logo-pobjedni\u010dki-300x136.jpg\" alt=\"\" width=\"300\" height=\"136\" data-srcset=\"https:\/\/prva.hr\/wp-content\/uploads\/2019\/11\/Logo-pobjedni\u010dki-300x136.jpg 300w, https:\/\/prva.hr\/wp-content\/uploads\/2019\/11\/Logo-pobjedni\u010dki-768x349.jpg 768w, https:\/\/prva.hr\/wp-content\/uploads\/2019\/11\/Logo-pobjedni\u010dki-1024x465.jpg 1024w, https:\/\/prva.hr\/wp-content\/uploads\/2019\/11\/Logo-pobjedni\u010dki-400x182.jpg 400w, https:\/\/prva.hr\/wp-content\/uploads\/2019\/11\/Logo-pobjedni\u010dki.jpg 1231w\" data-sizes=\"(max-width: 300px) 100vw, 300px\" src=\"data:image\/svg+xml;base64,PHN2ZyB3aWR0aD0iMSIgaGVpZ2h0PSIxIiB4bWxucz0iaHR0cDovL3d3dy53My5vcmcvMjAwMC9zdmciPjwvc3ZnPg==\" style=\"--smush-placeholder-width: 300px; --smush-placeholder-aspect-ratio: 300\/136;\" \/><\/a><\/p>\n<p>Pobjedni\u010dki logo (Jan Levec, Prva gimnazija Maribor)<\/p>\n","protected":false},"excerpt":{"rendered":"<p>Tijesnom odlukom devetero\u010dlanog \u017eirija izabran je pobjedni\u010dki logo za projekt STEM na tre\u0107u! Nakon prezentiranja radova u\u010denika predstavnika iz I. gimnazije Zagreb, Prve gimnazije Maribor i \u010ce\u0161ko-engleske gimnazije, uslijedilo je glasovanje u kojem su sudjelovali po tri nastavnika iz triju spomenutih \u0161kola a pobjedu je odnio slovenski predstavnik Jan Levec iz 1.c razreda. Janu \u010destitamo [&hellip;]<\/p>\n","protected":false},"author":6,"featured_media":6501,"comment_status":"closed","ping_status":"closed","sticky":false,"template":"","format":"standard","meta":{"_et_pb_use_builder":"","_et_pb_old_content":"","_et_gb_content_width":"","footnotes":""},"categories":[66],"tags":[],"class_list":["post-6500","post","type-post","status-publish","format-standard","has-post-thumbnail","hentry","category-aktivnosti-projekti-erasmus"],"_links":{"self":[{"href":"https:\/\/prva.hr\/index.php\/wp-json\/wp\/v2\/posts\/6500","targetHints":{"allow":["GET"]}}],"collection":[{"href":"https:\/\/prva.hr\/index.php\/wp-json\/wp\/v2\/posts"}],"about":[{"href":"https:\/\/prva.hr\/index.php\/wp-json\/wp\/v2\/types\/post"}],"author":[{"embeddable":true,"href":"https:\/\/prva.hr\/index.php\/wp-json\/wp\/v2\/users\/6"}],"replies":[{"embeddable":true,"href":"https:\/\/prva.hr\/index.php\/wp-json\/wp\/v2\/comments?post=6500"}],"version-history":[{"count":12,"href":"https:\/\/prva.hr\/index.php\/wp-json\/wp\/v2\/posts\/6500\/revisions"}],"predecessor-version":[{"id":6515,"href":"https:\/\/prva.hr\/index.php\/wp-json\/wp\/v2\/posts\/6500\/revisions\/6515"}],"wp:featuredmedia":[{"embeddable":true,"href":"https:\/\/prva.hr\/index.php\/wp-json\/wp\/v2\/media\/6501"}],"wp:attachment":[{"href":"https:\/\/prva.hr\/index.php\/wp-json\/wp\/v2\/media?parent=6500"}],"wp:term":[{"taxonomy":"category","embeddable":true,"href":"https:\/\/prva.hr\/index.php\/wp-json\/wp\/v2\/categories?post=6500"},{"taxonomy":"post_tag","embeddable":true,"href":"https:\/\/prva.hr\/index.php\/wp-json\/wp\/v2\/tags?post=6500"}],"curies":[{"name":"wp","href":"https:\/\/api.w.org\/{rel}","templated":true}]}}