{"id":652,"date":"2013-02-04T12:56:06","date_gmt":"2013-02-04T11:56:06","guid":{"rendered":"http:\/\/www2.prva.hr\/?p=652"},"modified":"2017-08-05T12:56:28","modified_gmt":"2017-08-05T10:56:28","slug":"odrzan-zanimljiv-i-koristan-susret-studenata-medicine-s-nasim-maturantima","status":"publish","type":"post","link":"https:\/\/prva.hr\/index.php\/2013\/02\/04\/odrzan-zanimljiv-i-koristan-susret-studenata-medicine-s-nasim-maturantima\/","title":{"rendered":"Odr\u017ean zanimljiv i koristan susret studenata medicine s na\u0161im maturantima"},"content":{"rendered":"<p>U okviru \u0160kolskog programa profesionalnog usmjeravanja u \u010detvrtak 31.1.2013. god., na prijedlog na\u0161ih biv\u0161ih u\u010denika Ive Hi\u017ear i Sandra Ga\u0161para, studenata 1. godine studija medicine na Medicinskom fakultetu Sveu\u010dili\u0161ta u Zagrebu, odr\u017ean je susret s na\u0161im maturantima zainteresiranim za studij medicine.<\/p>\n<p>Vi\u0161e od 15 maturanata iskoristili su priliku \u010duti, iz prve ruke,\u00a0 korisne informacije o postupku prijemnog ispita, zanimljive upute o pripremama za prijemni te\u00a0 dojmove o samom studiju. Studentica 3. god. medicine i \u010dlanica udruge studenata medicine \u201eCroMSIC\u201c, Dragana Luki\u0107, koja je kao edukator trenutno uklju\u010dena u provedbu radionica edukativno &#8211; zdravstvene \u201emRAK kampanje\u201c u na\u0161oj \u0161koli,\u00a0 upoznala je na\u0161e u\u010denike s interesantnim programom razmjene studenata unutar CroMSIC udruge.<\/p>\n<p>Pohvaljujemo inicijativu Ive i Sandra te pozivamo ostale biv\u0161e u\u010denike I. gimnazije, sada uspje\u0161ne studente ostalih studijskih programa, da nam se jave!<\/p>\n<p>&nbsp;<\/p>\n<p><img decoding=\"async\" data-src=\"http:\/\/www.prva.hr\/images\/stories\/prva\/slike\/veljaca\/p1000893.jpg\" width=\"306\" height=\"229\" border=\"0\" src=\"data:image\/svg+xml;base64,PHN2ZyB3aWR0aD0iMSIgaGVpZ2h0PSIxIiB4bWxucz0iaHR0cDovL3d3dy53My5vcmcvMjAwMC9zdmciPjwvc3ZnPg==\" class=\"lazyload\" style=\"--smush-placeholder-width: 306px; --smush-placeholder-aspect-ratio: 306\/229;\" \/><\/p>\n","protected":false},"excerpt":{"rendered":"<p>U okviru \u0160kolskog programa profesionalnog usmjeravanja u \u010detvrtak 31.1.2013. god., na prijedlog na\u0161ih biv\u0161ih u\u010denika Ive Hi\u017ear i Sandra Ga\u0161para, studenata 1. godine studija medicine na Medicinskom fakultetu Sveu\u010dili\u0161ta u Zagrebu, odr\u017ean je susret s na\u0161im maturantima zainteresiranim za studij medicine. Vi\u0161e od 15 maturanata iskoristili su priliku \u010duti, iz prve ruke,\u00a0 korisne informacije o [&hellip;]<\/p>\n","protected":false},"author":1,"featured_media":0,"comment_status":"closed","ping_status":"closed","sticky":false,"template":"","format":"standard","meta":{"_et_pb_use_builder":"","_et_pb_old_content":"","_et_gb_content_width":"","footnotes":""},"categories":[9],"tags":[],"class_list":["post-652","post","type-post","status-publish","format-standard","hentry","category-arhiva"],"_links":{"self":[{"href":"https:\/\/prva.hr\/index.php\/wp-json\/wp\/v2\/posts\/652","targetHints":{"allow":["GET"]}}],"collection":[{"href":"https:\/\/prva.hr\/index.php\/wp-json\/wp\/v2\/posts"}],"about":[{"href":"https:\/\/prva.hr\/index.php\/wp-json\/wp\/v2\/types\/post"}],"author":[{"embeddable":true,"href":"https:\/\/prva.hr\/index.php\/wp-json\/wp\/v2\/users\/1"}],"replies":[{"embeddable":true,"href":"https:\/\/prva.hr\/index.php\/wp-json\/wp\/v2\/comments?post=652"}],"version-history":[{"count":1,"href":"https:\/\/prva.hr\/index.php\/wp-json\/wp\/v2\/posts\/652\/revisions"}],"predecessor-version":[{"id":653,"href":"https:\/\/prva.hr\/index.php\/wp-json\/wp\/v2\/posts\/652\/revisions\/653"}],"wp:attachment":[{"href":"https:\/\/prva.hr\/index.php\/wp-json\/wp\/v2\/media?parent=652"}],"wp:term":[{"taxonomy":"category","embeddable":true,"href":"https:\/\/prva.hr\/index.php\/wp-json\/wp\/v2\/categories?post=652"},{"taxonomy":"post_tag","embeddable":true,"href":"https:\/\/prva.hr\/index.php\/wp-json\/wp\/v2\/tags?post=652"}],"curies":[{"name":"wp","href":"https:\/\/api.w.org\/{rel}","templated":true}]}}