{"id":654,"date":"2013-02-04T12:57:03","date_gmt":"2013-02-04T11:57:03","guid":{"rendered":"http:\/\/www2.prva.hr\/?p=654"},"modified":"2017-08-05T12:57:23","modified_gmt":"2017-08-05T10:57:23","slug":"zahvalnica","status":"publish","type":"post","link":"https:\/\/prva.hr\/index.php\/2013\/02\/04\/zahvalnica\/","title":{"rendered":"Zahvalnica"},"content":{"rendered":"<p>I. gimnazija dobila je zahvalnicu Caritas Zagreba\u0161ke nadbiskupije za uspje\u0161no provedenu humanitarnu akciju u\u010denika i nastavnika \u201eSlatki\u0161i za djecu Caritasa\u201c kojom je u prosincu 2012. god. prikupljeno preko 500 pakiranja slatki\u0161a za potrebitu djecu Caritasa. Zahvaljujemo svima na doprinosu.<\/p>\n<p>&nbsp;<\/p>\n<p><img decoding=\"async\" data-src=\"http:\/\/www.prva.hr\/images\/stories\/prva\/slike\/veljaca\/zahvalnica%20caritas.jpg\" width=\"345\" height=\"243\" border=\"0\" src=\"data:image\/svg+xml;base64,PHN2ZyB3aWR0aD0iMSIgaGVpZ2h0PSIxIiB4bWxucz0iaHR0cDovL3d3dy53My5vcmcvMjAwMC9zdmciPjwvc3ZnPg==\" class=\"lazyload\" style=\"--smush-placeholder-width: 345px; --smush-placeholder-aspect-ratio: 345\/243;\" \/><\/p>\n","protected":false},"excerpt":{"rendered":"<p>I. gimnazija dobila je zahvalnicu Caritas Zagreba\u0161ke nadbiskupije za uspje\u0161no provedenu humanitarnu akciju u\u010denika i nastavnika \u201eSlatki\u0161i za djecu Caritasa\u201c kojom je u prosincu 2012. god. prikupljeno preko 500 pakiranja slatki\u0161a za potrebitu djecu Caritasa. Zahvaljujemo svima na doprinosu. &nbsp;<\/p>\n","protected":false},"author":1,"featured_media":0,"comment_status":"closed","ping_status":"closed","sticky":false,"template":"","format":"standard","meta":{"_et_pb_use_builder":"","_et_pb_old_content":"","_et_gb_content_width":"","footnotes":""},"categories":[9],"tags":[],"class_list":["post-654","post","type-post","status-publish","format-standard","hentry","category-arhiva"],"_links":{"self":[{"href":"https:\/\/prva.hr\/index.php\/wp-json\/wp\/v2\/posts\/654","targetHints":{"allow":["GET"]}}],"collection":[{"href":"https:\/\/prva.hr\/index.php\/wp-json\/wp\/v2\/posts"}],"about":[{"href":"https:\/\/prva.hr\/index.php\/wp-json\/wp\/v2\/types\/post"}],"author":[{"embeddable":true,"href":"https:\/\/prva.hr\/index.php\/wp-json\/wp\/v2\/users\/1"}],"replies":[{"embeddable":true,"href":"https:\/\/prva.hr\/index.php\/wp-json\/wp\/v2\/comments?post=654"}],"version-history":[{"count":1,"href":"https:\/\/prva.hr\/index.php\/wp-json\/wp\/v2\/posts\/654\/revisions"}],"predecessor-version":[{"id":655,"href":"https:\/\/prva.hr\/index.php\/wp-json\/wp\/v2\/posts\/654\/revisions\/655"}],"wp:attachment":[{"href":"https:\/\/prva.hr\/index.php\/wp-json\/wp\/v2\/media?parent=654"}],"wp:term":[{"taxonomy":"category","embeddable":true,"href":"https:\/\/prva.hr\/index.php\/wp-json\/wp\/v2\/categories?post=654"},{"taxonomy":"post_tag","embeddable":true,"href":"https:\/\/prva.hr\/index.php\/wp-json\/wp\/v2\/tags?post=654"}],"curies":[{"name":"wp","href":"https:\/\/api.w.org\/{rel}","templated":true}]}}