{"id":6542,"date":"2019-11-05T16:06:16","date_gmt":"2019-11-05T15:06:16","guid":{"rendered":"http:\/\/www.prva.hr\/?p=6542"},"modified":"2019-11-09T12:45:01","modified_gmt":"2019-11-09T11:45:01","slug":"projektni-dan-raspored-okupljanja","status":"publish","type":"post","link":"https:\/\/prva.hr\/index.php\/2019\/11\/05\/projektni-dan-raspored-okupljanja\/","title":{"rendered":"Projektni dan &#8211; raspored okupljanja"},"content":{"rendered":"<p>U subotu, 9. studenoga 2019. godine, odr\u017eat \u0107e se projektni dan I. gimnazije u kojem sudjeluju svi u\u010denici.<\/p>\n<p>Raspored, odnosno to\u010dno mjesto i vrijeme okupljanja po projektima mo\u017eete pogledati na poveznici <a href=\"https:\/\/www.prva.hr\/wp-content\/uploads\/2019\/11\/Raspored-okupljanja-Projektni-dan-2019.-Zdravlje.pdf\">Projektni dan 2019. &#8211; raspored okupljanja.<\/a><\/p>\n","protected":false},"excerpt":{"rendered":"<p>U subotu, 9. studenoga 2019. godine, odr\u017eat \u0107e se projektni dan I. gimnazije u kojem sudjeluju svi u\u010denici. Raspored, odnosno to\u010dno mjesto i vrijeme okupljanja po projektima mo\u017eete pogledati na poveznici Projektni dan 2019. &#8211; raspored okupljanja.<\/p>\n","protected":false},"author":6,"featured_media":0,"comment_status":"closed","ping_status":"closed","sticky":false,"template":"","format":"standard","meta":{"_et_pb_use_builder":"","_et_pb_old_content":"","_et_gb_content_width":"","footnotes":""},"categories":[68],"tags":[],"class_list":["post-6542","post","type-post","status-publish","format-standard","hentry","category-aktivnosti-projekti-projektni-dani"],"_links":{"self":[{"href":"https:\/\/prva.hr\/index.php\/wp-json\/wp\/v2\/posts\/6542","targetHints":{"allow":["GET"]}}],"collection":[{"href":"https:\/\/prva.hr\/index.php\/wp-json\/wp\/v2\/posts"}],"about":[{"href":"https:\/\/prva.hr\/index.php\/wp-json\/wp\/v2\/types\/post"}],"author":[{"embeddable":true,"href":"https:\/\/prva.hr\/index.php\/wp-json\/wp\/v2\/users\/6"}],"replies":[{"embeddable":true,"href":"https:\/\/prva.hr\/index.php\/wp-json\/wp\/v2\/comments?post=6542"}],"version-history":[{"count":6,"href":"https:\/\/prva.hr\/index.php\/wp-json\/wp\/v2\/posts\/6542\/revisions"}],"predecessor-version":[{"id":6545,"href":"https:\/\/prva.hr\/index.php\/wp-json\/wp\/v2\/posts\/6542\/revisions\/6545"}],"wp:attachment":[{"href":"https:\/\/prva.hr\/index.php\/wp-json\/wp\/v2\/media?parent=6542"}],"wp:term":[{"taxonomy":"category","embeddable":true,"href":"https:\/\/prva.hr\/index.php\/wp-json\/wp\/v2\/categories?post=6542"},{"taxonomy":"post_tag","embeddable":true,"href":"https:\/\/prva.hr\/index.php\/wp-json\/wp\/v2\/tags?post=6542"}],"curies":[{"name":"wp","href":"https:\/\/api.w.org\/{rel}","templated":true}]}}