{"id":6560,"date":"2019-11-07T10:30:04","date_gmt":"2019-11-07T09:30:04","guid":{"rendered":"http:\/\/www.prva.hr\/?p=6560"},"modified":"2025-12-04T09:45:12","modified_gmt":"2025-12-04T08:45:12","slug":"na-starom-mjestu-s-novim-prijateljima-i-gimnazija-u-posjeti-prvoj-gimnaziji-maribor","status":"publish","type":"post","link":"https:\/\/prva.hr\/index.php\/2019\/11\/07\/na-starom-mjestu-s-novim-prijateljima-i-gimnazija-u-posjeti-prvoj-gimnaziji-maribor\/","title":{"rendered":"Na starom mjestu s novim prijateljima \u2013 I. gimnazija u posjeti Prvoj gimnaziji Maribor"},"content":{"rendered":"<p><span style=\"font-weight: 400;\">U sklopu projekta <em>STEM na tre\u0107u<\/em> koji se od ove \u0161kolske godine provodi u na\u0161oj \u0161koli, Prvoj gimnaziji Maribor i \u010ce\u0161ko-engleskoj gimnaziji, prof. kemije Snje\u017eana Liber, prof. biologije Maja Radi\u0107 Mehmedba\u0161i\u0107 i pedagoginja Mateja Lon\u010dar boravile su od 23. do 25. listopada u Mariboru. Boravak je iskori\u0161ten za pomno planiranje i zavr\u0161ne dogovore u vezi mobilnosti u\u010denika i nastavnika koje \u0107e se ostvarivati u sklopu projekta. \u0160to \u0107e na\u0161i u\u010denici raditi, gdje \u0107e biti smje\u0161teni, \u0161to \u0107e nau\u010diti, koje \u0107e lokacije posjetiti \u2013 samo su neka od brojnih pitanja kojima su se bavile na\u0161e nastavnice te njihove slovenske i \u010de\u0161ke kolegice. Dogovoren je i jo\u0161 jedan va\u017ean aspekt projekta o kojem je ve\u0107 bilo rije\u010di u <a href=\"https:\/\/www.prva.hr\/index.php\/2019\/11\/04\/pobjednik-izbora-za-logo-projekta-stem-na-trecu\/\">prethodnoj objavi<\/a> \u2013 glasovanjem je izabran slu\u017ebeni logo projekta a pobjedu je odnio slovenski predstavnik Jan Levec.<\/span><\/p>\n<p><span style=\"font-weight: 400;\"><a href=\"http:\/\/www.prva.hr\/?attachment_id=6563\" rel=\"attachment wp-att-6563\"><img decoding=\"async\" class=\"alignnone size-medium wp-image-6563 lazyload\" data-src=\"https:\/\/www.prva.hr\/wp-content\/uploads\/2019\/11\/1-300x169.jpg\" alt=\"\" width=\"300\" height=\"169\" data-srcset=\"https:\/\/prva.hr\/wp-content\/uploads\/2019\/11\/1-300x169.jpg 300w, https:\/\/prva.hr\/wp-content\/uploads\/2019\/11\/1-768x432.jpg 768w, https:\/\/prva.hr\/wp-content\/uploads\/2019\/11\/1-1024x576.jpg 1024w, https:\/\/prva.hr\/wp-content\/uploads\/2019\/11\/1-400x225.jpg 400w\" data-sizes=\"(max-width: 300px) 100vw, 300px\" src=\"data:image\/svg+xml;base64,PHN2ZyB3aWR0aD0iMSIgaGVpZ2h0PSIxIiB4bWxucz0iaHR0cDovL3d3dy53My5vcmcvMjAwMC9zdmciPjwvc3ZnPg==\" style=\"--smush-placeholder-width: 300px; --smush-placeholder-aspect-ratio: 300\/169;\" \/>\u00a0 \u00a0 \u00a0 \u00a0 \u00a0 \u00a0 \u00a0 \u00a0 \u00a0\u00a0\u00a0\u00a0\u00a0<\/a> <a href=\"http:\/\/www.prva.hr\/?attachment_id=6564\" rel=\"attachment wp-att-6564\"><img decoding=\"async\" class=\"alignnone size-medium wp-image-6564 lazyload\" data-src=\"https:\/\/www.prva.hr\/wp-content\/uploads\/2019\/11\/2-300x169.jpg\" alt=\"\" width=\"300\" height=\"169\" data-srcset=\"https:\/\/prva.hr\/wp-content\/uploads\/2019\/11\/2-300x169.jpg 300w, https:\/\/prva.hr\/wp-content\/uploads\/2019\/11\/2-768x432.jpg 768w, https:\/\/prva.hr\/wp-content\/uploads\/2019\/11\/2-1024x576.jpg 1024w, https:\/\/prva.hr\/wp-content\/uploads\/2019\/11\/2-400x225.jpg 400w, https:\/\/prva.hr\/wp-content\/uploads\/2019\/11\/2.jpg 1600w\" data-sizes=\"(max-width: 300px) 100vw, 300px\" src=\"data:image\/svg+xml;base64,PHN2ZyB3aWR0aD0iMSIgaGVpZ2h0PSIxIiB4bWxucz0iaHR0cDovL3d3dy53My5vcmcvMjAwMC9zdmciPjwvc3ZnPg==\" style=\"--smush-placeholder-width: 300px; --smush-placeholder-aspect-ratio: 300\/169;\" \/><\/a><\/span><\/p>\n<p><span style=\"font-weight: 400;\">Nakon sati provedenih u sobi za sastanke, kako bi se dogovorili svi detalji u vezi s nadolaze\u0107im razmjenama, uslijedio je rad na terenu. U Gradskom parku Maribor i na Pohorju, nastavnice su zajedno s ostalim kolegama koristile najnovije ure\u0111aje i senzore za ispitivanje vode, odre\u0111ivale vrste li\u0161ajeva te su mjerile i bilje\u017eile podatke relevantne za projekt.<\/span><\/p>\n<p><a href=\"http:\/\/www.prva.hr\/?attachment_id=6565\" rel=\"attachment wp-att-6565\"><img decoding=\"async\" class=\"size-medium wp-image-6565 alignnone lazyload\" data-src=\"https:\/\/www.prva.hr\/wp-content\/uploads\/2019\/11\/3-300x225.jpg\" alt=\"\" width=\"300\" height=\"225\" data-srcset=\"https:\/\/prva.hr\/wp-content\/uploads\/2019\/11\/3-300x225.jpg 300w, https:\/\/prva.hr\/wp-content\/uploads\/2019\/11\/3-768x576.jpg 768w, https:\/\/prva.hr\/wp-content\/uploads\/2019\/11\/3-1024x768.jpg 1024w, https:\/\/prva.hr\/wp-content\/uploads\/2019\/11\/3-400x300.jpg 400w\" data-sizes=\"(max-width: 300px) 100vw, 300px\" src=\"data:image\/svg+xml;base64,PHN2ZyB3aWR0aD0iMSIgaGVpZ2h0PSIxIiB4bWxucz0iaHR0cDovL3d3dy53My5vcmcvMjAwMC9zdmciPjwvc3ZnPg==\" style=\"--smush-placeholder-width: 300px; --smush-placeholder-aspect-ratio: 300\/225;\" \/><\/a>\u00a0\u00a0<a href=\"http:\/\/www.prva.hr\/?attachment_id=6566\" rel=\"attachment wp-att-6566\"><img decoding=\"async\" class=\"alignnone size-medium wp-image-6566 lazyload\" data-src=\"https:\/\/www.prva.hr\/wp-content\/uploads\/2019\/11\/4-300x225.jpg\" alt=\"\" width=\"300\" height=\"225\" data-srcset=\"https:\/\/prva.hr\/wp-content\/uploads\/2019\/11\/4-300x225.jpg 300w, https:\/\/prva.hr\/wp-content\/uploads\/2019\/11\/4-768x576.jpg 768w, https:\/\/prva.hr\/wp-content\/uploads\/2019\/11\/4-1024x768.jpg 1024w, https:\/\/prva.hr\/wp-content\/uploads\/2019\/11\/4-400x300.jpg 400w\" data-sizes=\"(max-width: 300px) 100vw, 300px\" src=\"data:image\/svg+xml;base64,PHN2ZyB3aWR0aD0iMSIgaGVpZ2h0PSIxIiB4bWxucz0iaHR0cDovL3d3dy53My5vcmcvMjAwMC9zdmciPjwvc3ZnPg==\" style=\"--smush-placeholder-width: 300px; --smush-placeholder-aspect-ratio: 300\/225;\" \/><\/a>\u00a0 \u00a0\u00a0<a href=\"http:\/\/www.prva.hr\/?attachment_id=6570\" rel=\"attachment wp-att-6570\"><img decoding=\"async\" class=\"size-medium wp-image-6570 alignnone lazyload\" data-src=\"https:\/\/www.prva.hr\/wp-content\/uploads\/2019\/11\/20191025_130158-300x169.jpg\" alt=\"\" width=\"300\" height=\"169\" data-srcset=\"https:\/\/prva.hr\/wp-content\/uploads\/2019\/11\/20191025_130158-300x169.jpg 300w, https:\/\/prva.hr\/wp-content\/uploads\/2019\/11\/20191025_130158-768x432.jpg 768w, https:\/\/prva.hr\/wp-content\/uploads\/2019\/11\/20191025_130158-1024x576.jpg 1024w, https:\/\/prva.hr\/wp-content\/uploads\/2019\/11\/20191025_130158-400x225.jpg 400w\" data-sizes=\"(max-width: 300px) 100vw, 300px\" src=\"data:image\/svg+xml;base64,PHN2ZyB3aWR0aD0iMSIgaGVpZ2h0PSIxIiB4bWxucz0iaHR0cDovL3d3dy53My5vcmcvMjAwMC9zdmciPjwvc3ZnPg==\" style=\"--smush-placeholder-width: 300px; --smush-placeholder-aspect-ratio: 300\/169;\" \/><\/a><\/p>\n<p><span style=\"font-weight: 400;\">Zahvaljujemo na\u0161im doma\u0107inima, Prvoj gimnaziji Maribor, na vrhunskoj organizaciji sastanka a na\u0161im partnerima iz \u010ce\u0161ke na odli\u010dnoj suradnji. Zahvaljuju\u0107i svemu navedenom, sastanak je protekao u vrlo ugodnom i konstruktivnom tonu. Ne preostaje ni\u0161ta drugo nego s veseljem najaviti nadolaze\u0107u mobilnost u\u010denika i nastavnica u \u010cesk\u00e9 Bud\u011bjovice, koju s nestrpljenjem o\u010dekujemo!<\/span><\/p>\n<p>&nbsp;<\/p>\n<p>O aktivnostima i tijeku projekta mo\u0107i \u0107ete vi\u0161e pro\u010ditati u narednim objavama,\u00a0\u00a0a vi\u0161e o samom\u00a0programu Erasmus + mo\u017eete pro\u010ditati\u00a0<a href=\"https:\/\/www.prva.hr\/wp-content\/uploads\/2019\/02\/Erasmus-bro%C5%A1ura.pdf\">ovdje.<\/a><\/p>\n<p><a href=\"http:\/\/www.prva.hr\/?attachment_id=6577\" rel=\"attachment wp-att-6577\"><img decoding=\"async\" class=\"alignnone size-medium wp-image-6577 lazyload\" data-src=\"https:\/\/www.prva.hr\/wp-content\/uploads\/2019\/11\/logosbeneficaireserasmusright_hr-300x62-300x62.jpg\" alt=\"\" width=\"300\" height=\"62\" src=\"data:image\/svg+xml;base64,PHN2ZyB3aWR0aD0iMSIgaGVpZ2h0PSIxIiB4bWxucz0iaHR0cDovL3d3dy53My5vcmcvMjAwMC9zdmciPjwvc3ZnPg==\" style=\"--smush-placeholder-width: 300px; --smush-placeholder-aspect-ratio: 300\/62;\" \/><\/a><a href=\"http:\/\/www.prva.hr\/index.php\/2019\/11\/04\/pobjednik-izbora-za-logo-projekta-stem-na-trecu\/logo-pobjednicki\/\" rel=\"attachment wp-att-6501\"><img decoding=\"async\" class=\"alignnone size-medium wp-image-6501 lazyload\" data-src=\"https:\/\/www.prva.hr\/wp-content\/uploads\/2019\/11\/Logo-pobjedni\u010dki-300x136.jpg\" alt=\"\" width=\"300\" height=\"136\" data-srcset=\"https:\/\/prva.hr\/wp-content\/uploads\/2019\/11\/Logo-pobjedni\u010dki-300x136.jpg 300w, https:\/\/prva.hr\/wp-content\/uploads\/2019\/11\/Logo-pobjedni\u010dki-768x349.jpg 768w, https:\/\/prva.hr\/wp-content\/uploads\/2019\/11\/Logo-pobjedni\u010dki-1024x465.jpg 1024w, https:\/\/prva.hr\/wp-content\/uploads\/2019\/11\/Logo-pobjedni\u010dki-400x182.jpg 400w, https:\/\/prva.hr\/wp-content\/uploads\/2019\/11\/Logo-pobjedni\u010dki.jpg 1231w\" data-sizes=\"(max-width: 300px) 100vw, 300px\" src=\"data:image\/svg+xml;base64,PHN2ZyB3aWR0aD0iMSIgaGVpZ2h0PSIxIiB4bWxucz0iaHR0cDovL3d3dy53My5vcmcvMjAwMC9zdmciPjwvc3ZnPg==\" style=\"--smush-placeholder-width: 300px; --smush-placeholder-aspect-ratio: 300\/136;\" \/><\/a><\/p>\n","protected":false},"excerpt":{"rendered":"<p>U sklopu projekta STEM na tre\u0107u koji se od ove \u0161kolske godine provodi u na\u0161oj \u0161koli, Prvoj gimnaziji Maribor i \u010ce\u0161ko-engleskoj gimnaziji, prof. kemije Snje\u017eana Liber, prof. biologije Maja Radi\u0107 Mehmedba\u0161i\u0107 i pedagoginja Mateja Lon\u010dar boravile su od 23. do 25. listopada u Mariboru. Boravak je iskori\u0161ten za pomno planiranje i zavr\u0161ne dogovore u vezi [&hellip;]<\/p>\n","protected":false},"author":6,"featured_media":6567,"comment_status":"closed","ping_status":"closed","sticky":false,"template":"","format":"standard","meta":{"_et_pb_use_builder":"","_et_pb_old_content":"","_et_gb_content_width":"","footnotes":""},"categories":[66,148],"tags":[],"class_list":["post-6560","post","type-post","status-publish","format-standard","has-post-thumbnail","hentry","category-aktivnosti-projekti-erasmus","category-erasmus-aktivnosti"],"_links":{"self":[{"href":"https:\/\/prva.hr\/index.php\/wp-json\/wp\/v2\/posts\/6560","targetHints":{"allow":["GET"]}}],"collection":[{"href":"https:\/\/prva.hr\/index.php\/wp-json\/wp\/v2\/posts"}],"about":[{"href":"https:\/\/prva.hr\/index.php\/wp-json\/wp\/v2\/types\/post"}],"author":[{"embeddable":true,"href":"https:\/\/prva.hr\/index.php\/wp-json\/wp\/v2\/users\/6"}],"replies":[{"embeddable":true,"href":"https:\/\/prva.hr\/index.php\/wp-json\/wp\/v2\/comments?post=6560"}],"version-history":[{"count":11,"href":"https:\/\/prva.hr\/index.php\/wp-json\/wp\/v2\/posts\/6560\/revisions"}],"predecessor-version":[{"id":6579,"href":"https:\/\/prva.hr\/index.php\/wp-json\/wp\/v2\/posts\/6560\/revisions\/6579"}],"wp:featuredmedia":[{"embeddable":true,"href":"https:\/\/prva.hr\/index.php\/wp-json\/wp\/v2\/media\/6567"}],"wp:attachment":[{"href":"https:\/\/prva.hr\/index.php\/wp-json\/wp\/v2\/media?parent=6560"}],"wp:term":[{"taxonomy":"category","embeddable":true,"href":"https:\/\/prva.hr\/index.php\/wp-json\/wp\/v2\/categories?post=6560"},{"taxonomy":"post_tag","embeddable":true,"href":"https:\/\/prva.hr\/index.php\/wp-json\/wp\/v2\/tags?post=6560"}],"curies":[{"name":"wp","href":"https:\/\/api.w.org\/{rel}","templated":true}]}}