{"id":658,"date":"2013-02-05T12:58:10","date_gmt":"2013-02-05T11:58:10","guid":{"rendered":"http:\/\/www2.prva.hr\/?p=658"},"modified":"2017-08-05T12:58:28","modified_gmt":"2017-08-05T10:58:28","slug":"natjecaj-za-nagradu-volonterski-oskar","status":"publish","type":"post","link":"https:\/\/prva.hr\/index.php\/2013\/02\/05\/natjecaj-za-nagradu-volonterski-oskar\/","title":{"rendered":"Natje\u010daj za nagradu Volonterski Oskar"},"content":{"rendered":"<p>Odlukom stru\u010dnog povjerenstva Volonterskog centra Zagreb, u\u010denica 3.c razreda i voditeljica Volonterskog kluba I. gimnazije Marija Ga\u0161parovi\u0107, dobitnica nagrade \u201eLuka Ritz- nasilje nije hrabrost\u201c za 2012. god., u\u0161la je u u\u017ei krug natje\u010daja za jo\u0161 jednu nagradu \u2013 nagradu Volonterski Oskar 2012.<\/p>\n<p>Nagrada Volonterski Oskar \u2013 zagreba\u010dka nagrada za volontera\/ku godine dodjeljuje se za poseban doprinos na podru\u010dju volonterskog anga\u017emana. Vi\u0161e o radu Volonterskog kluba I. gimnazije i Marijinoj posve\u0107enosti volontiranju mo\u017eete pro\u010ditati na stranicama Volonterskog centra Zagreb.<\/p>\n<p>Kona\u010dnu odluku o dobitniku nagrade donose gra\u0111ani svojim glasanjem na www.vcz.hr\/oskar\/. Glasanje je otvoreno do 22.2.2013.<\/p>\n<p>Pozivamo sve u\u010denike i nastavnike I. gimnazije da svojim glasom na\u00a0 www.vcz.hr\/oskar\/ &#8211;\u00a0 podr\u017ee Marijin izbor za nagradu Volonterski Oskar!<\/p>\n<p>&nbsp;<\/p>\n<p><img decoding=\"async\" data-src=\"http:\/\/www.prva.hr\/images\/stories\/prva\/slike\/veljaca\/img_7614.jpg\" width=\"159\" height=\"239\" border=\"0\" src=\"data:image\/svg+xml;base64,PHN2ZyB3aWR0aD0iMSIgaGVpZ2h0PSIxIiB4bWxucz0iaHR0cDovL3d3dy53My5vcmcvMjAwMC9zdmciPjwvc3ZnPg==\" class=\"lazyload\" style=\"--smush-placeholder-width: 159px; --smush-placeholder-aspect-ratio: 159\/239;\" \/> <img decoding=\"async\" data-src=\"http:\/\/www.prva.hr\/images\/stories\/prva\/slike\/veljaca\/logo1.jpg\" width=\"177\" height=\"239\" border=\"0\" src=\"data:image\/svg+xml;base64,PHN2ZyB3aWR0aD0iMSIgaGVpZ2h0PSIxIiB4bWxucz0iaHR0cDovL3d3dy53My5vcmcvMjAwMC9zdmciPjwvc3ZnPg==\" class=\"lazyload\" style=\"--smush-placeholder-width: 177px; --smush-placeholder-aspect-ratio: 177\/239;\" \/><\/p>\n","protected":false},"excerpt":{"rendered":"<p>Odlukom stru\u010dnog povjerenstva Volonterskog centra Zagreb, u\u010denica 3.c razreda i voditeljica Volonterskog kluba I. gimnazije Marija Ga\u0161parovi\u0107, dobitnica nagrade \u201eLuka Ritz- nasilje nije hrabrost\u201c za 2012. god., u\u0161la je u u\u017ei krug natje\u010daja za jo\u0161 jednu nagradu \u2013 nagradu Volonterski Oskar 2012. Nagrada Volonterski Oskar \u2013 zagreba\u010dka nagrada za volontera\/ku godine dodjeljuje se za poseban [&hellip;]<\/p>\n","protected":false},"author":1,"featured_media":0,"comment_status":"closed","ping_status":"closed","sticky":false,"template":"","format":"standard","meta":{"_et_pb_use_builder":"","_et_pb_old_content":"","_et_gb_content_width":"","footnotes":""},"categories":[9],"tags":[],"class_list":["post-658","post","type-post","status-publish","format-standard","hentry","category-arhiva"],"_links":{"self":[{"href":"https:\/\/prva.hr\/index.php\/wp-json\/wp\/v2\/posts\/658","targetHints":{"allow":["GET"]}}],"collection":[{"href":"https:\/\/prva.hr\/index.php\/wp-json\/wp\/v2\/posts"}],"about":[{"href":"https:\/\/prva.hr\/index.php\/wp-json\/wp\/v2\/types\/post"}],"author":[{"embeddable":true,"href":"https:\/\/prva.hr\/index.php\/wp-json\/wp\/v2\/users\/1"}],"replies":[{"embeddable":true,"href":"https:\/\/prva.hr\/index.php\/wp-json\/wp\/v2\/comments?post=658"}],"version-history":[{"count":1,"href":"https:\/\/prva.hr\/index.php\/wp-json\/wp\/v2\/posts\/658\/revisions"}],"predecessor-version":[{"id":659,"href":"https:\/\/prva.hr\/index.php\/wp-json\/wp\/v2\/posts\/658\/revisions\/659"}],"wp:attachment":[{"href":"https:\/\/prva.hr\/index.php\/wp-json\/wp\/v2\/media?parent=658"}],"wp:term":[{"taxonomy":"category","embeddable":true,"href":"https:\/\/prva.hr\/index.php\/wp-json\/wp\/v2\/categories?post=658"},{"taxonomy":"post_tag","embeddable":true,"href":"https:\/\/prva.hr\/index.php\/wp-json\/wp\/v2\/tags?post=658"}],"curies":[{"name":"wp","href":"https:\/\/api.w.org\/{rel}","templated":true}]}}