{"id":6605,"date":"2019-11-12T08:16:21","date_gmt":"2019-11-12T07:16:21","guid":{"rendered":"http:\/\/www.prva.hr\/?p=6605"},"modified":"2019-11-12T08:20:37","modified_gmt":"2019-11-12T07:20:37","slug":"radionica-razgovarajmo-o-spolnom-zdravlju-centar-za-zdravlje-mladih","status":"publish","type":"post","link":"https:\/\/prva.hr\/index.php\/2019\/11\/12\/radionica-razgovarajmo-o-spolnom-zdravlju-centar-za-zdravlje-mladih\/","title":{"rendered":"Radionica &#8220;Razgovarajmo o spolnom zdravlju&#8221; &#8211; Centar za zdravlje mladih"},"content":{"rendered":"<p>U \u010detvrtak, 7. studenoga 2019. u\u010denici 3.b i 3.f razreda u pratnji socijalne pedagoginje Gregorin i \u0161kolske psihologinje Luka\u010devi\u0107 posjetili su Centar za zdravlje mladih gdje su sudjelovali na radionici koje su proveli \u010dlanovi Hrvatske udruge za borbu protiv HIV-a i virusnog hepatitisa u suradnji s Gradskim uredom za zdravstvo. Na radionici su razgovarali o anatomiji, spolno prenosivim bolestima, cjepivima, lije\u010denju, \u0161to se sve mo\u017ee poduzeti u slu\u010daju neza\u0161ti\u0107enog spolnog odnosa te im je predstavljena mobilna aplikacija koja im\u00a0pru\u017ea korisne informacije o spolnom i reproduktivnom zdravlju, uklju\u010duju\u0107i prevenciju, testiranje i lije\u010denje spolno prenosivih bolesti, obuhva\u0107a razne edukativne elemente kao \u0161to su rizici i podlo\u017enost infekcijama spolnim bolestima, vrste spolnih bolesti, simptome, mogu\u0107e posljedice i dr..<\/p>\n<p>&nbsp;<\/p>\n<p>&nbsp;<\/p>\n<p><img decoding=\"async\" class=\"size-medium wp-image-6607 aligncenter lazyload\" data-src=\"https:\/\/www.prva.hr\/wp-content\/uploads\/2019\/11\/Razgovarajmo-o-spolnom-zdravlju1-225x300.jpg\" alt=\"\" width=\"225\" height=\"300\" src=\"data:image\/svg+xml;base64,PHN2ZyB3aWR0aD0iMSIgaGVpZ2h0PSIxIiB4bWxucz0iaHR0cDovL3d3dy53My5vcmcvMjAwMC9zdmciPjwvc3ZnPg==\" style=\"--smush-placeholder-width: 225px; --smush-placeholder-aspect-ratio: 225\/300;\" \/><\/p>\n","protected":false},"excerpt":{"rendered":"<p>U \u010detvrtak, 7. studenoga 2019. u\u010denici 3.b i 3.f razreda u pratnji socijalne pedagoginje Gregorin i \u0161kolske psihologinje Luka\u010devi\u0107 posjetili su Centar za zdravlje mladih gdje su sudjelovali na radionici koje su proveli \u010dlanovi Hrvatske udruge za borbu protiv HIV-a i virusnog hepatitisa u suradnji s Gradskim uredom za zdravstvo. Na radionici su razgovarali o [&hellip;]<\/p>\n","protected":false},"author":7,"featured_media":6606,"comment_status":"closed","ping_status":"closed","sticky":false,"template":"","format":"standard","meta":{"_et_pb_use_builder":"","_et_pb_old_content":"","_et_gb_content_width":"","footnotes":""},"categories":[13],"tags":[],"class_list":["post-6605","post","type-post","status-publish","format-standard","has-post-thumbnail","hentry","category-preventivni-program"],"_links":{"self":[{"href":"https:\/\/prva.hr\/index.php\/wp-json\/wp\/v2\/posts\/6605","targetHints":{"allow":["GET"]}}],"collection":[{"href":"https:\/\/prva.hr\/index.php\/wp-json\/wp\/v2\/posts"}],"about":[{"href":"https:\/\/prva.hr\/index.php\/wp-json\/wp\/v2\/types\/post"}],"author":[{"embeddable":true,"href":"https:\/\/prva.hr\/index.php\/wp-json\/wp\/v2\/users\/7"}],"replies":[{"embeddable":true,"href":"https:\/\/prva.hr\/index.php\/wp-json\/wp\/v2\/comments?post=6605"}],"version-history":[{"count":3,"href":"https:\/\/prva.hr\/index.php\/wp-json\/wp\/v2\/posts\/6605\/revisions"}],"predecessor-version":[{"id":6610,"href":"https:\/\/prva.hr\/index.php\/wp-json\/wp\/v2\/posts\/6605\/revisions\/6610"}],"wp:featuredmedia":[{"embeddable":true,"href":"https:\/\/prva.hr\/index.php\/wp-json\/wp\/v2\/media\/6606"}],"wp:attachment":[{"href":"https:\/\/prva.hr\/index.php\/wp-json\/wp\/v2\/media?parent=6605"}],"wp:term":[{"taxonomy":"category","embeddable":true,"href":"https:\/\/prva.hr\/index.php\/wp-json\/wp\/v2\/categories?post=6605"},{"taxonomy":"post_tag","embeddable":true,"href":"https:\/\/prva.hr\/index.php\/wp-json\/wp\/v2\/tags?post=6605"}],"curies":[{"name":"wp","href":"https:\/\/api.w.org\/{rel}","templated":true}]}}