{"id":664,"date":"2013-02-12T13:00:46","date_gmt":"2013-02-12T12:00:46","guid":{"rendered":"http:\/\/www2.prva.hr\/?p=664"},"modified":"2017-08-05T13:01:07","modified_gmt":"2017-08-05T11:01:07","slug":"i-gimnazija-usla-u-skolski-sat","status":"publish","type":"post","link":"https:\/\/prva.hr\/index.php\/2013\/02\/12\/i-gimnazija-usla-u-skolski-sat\/","title":{"rendered":"\u201eI. gimnazija u\u0161la u \u0160kolski sat\u201c"},"content":{"rendered":"<p>U utorak 12.2.2013. god. u edukativnoj emisiji HTV2 \u201e\u0160kolski sat\u201c na temu volontiranja kod nas i u svijetu, uz predstavnicu Volonterskog centra Zagreb, Ivanu Paveli\u0107 \u0160prajc, gostovala je i u\u010denica 3.c razreda I. gimnazije Marija Ga\u0161parovi\u0107, kao voditeljica Volonterskog kluba na\u0161e \u0161kole.<\/p>\n<p>Marija je ispred \u0161kole prijavljena na natje\u010daj za nagradu Volonterski Oskar 2012., a stru\u010dno povjerenstvo Volonterskog centra Zagreb\u00a0 je Mariju, uz jo\u0161 dva kandidata, nominiralo\u00a0 u u\u017ei krug , u kojem gra\u0111ani svojim glasanjem na www.vcz.hr\/oskar\/ odlu\u010duju o kona\u010dnom dobitniku Volonterskog Oskara.<\/p>\n<p>U emisiji \u201e\u0160kolskog sata\u201c u ugodnom dru\u0161tvu mladog voditelja Ivana Planini\u0107a, Marija je imala priliku spomenuti brojne humanitarne akcije Volonterskog kluba I. gimnazije i podijeliti svoje dobre osje\u0107aje koje ve\u017ee uz volonterski anga\u017eman. Tako\u0111er, Marija nije skrivala ni svoju spremnost da se u skoroj budu\u0107nosti oku\u0161a u volontiranju u nekom od me\u0111unarodnih kampova.<\/p>\n<p>Snimku emisije \u201e\u0160kolski sat\u201c o volontiranju mo\u017eete pogledati <a href=\"http:\/\/www.hrt.hr\/index.php?id=enz&amp;tx_ttnews[cat]=636&amp;cHash=b2796a7fc6\" target=\"_blank\">ovdje.<\/a><\/p>\n<p>&nbsp;<\/p>\n<p>Marijin intervju za portal civilnodru\u0161tvo.hr &#8211; AKTIVIZAM: \u201eMi mijenjamo svijet\u201c mo\u017eete pro\u010ditati <a href=\"http:\/\/www.civilnodrustvo.hr\/index.php?id=127&amp;tx_ttnews[tt_news]=5109&amp;cHash=c458d005767f80dd479ed579c7855765\" target=\"_blank\">ovdje<\/a>.<\/p>\n<p>&nbsp;<\/p>\n<p><img decoding=\"async\" data-src=\"http:\/\/www.prva.hr\/images\/stories\/prva\/slike\/veljaca\/img_2212.jpg\" width=\"287\" height=\"215\" border=\"0\" src=\"data:image\/svg+xml;base64,PHN2ZyB3aWR0aD0iMSIgaGVpZ2h0PSIxIiB4bWxucz0iaHR0cDovL3d3dy53My5vcmcvMjAwMC9zdmciPjwvc3ZnPg==\" class=\"lazyload\" style=\"--smush-placeholder-width: 287px; --smush-placeholder-aspect-ratio: 287\/215;\" \/><\/p>\n","protected":false},"excerpt":{"rendered":"<p>U utorak 12.2.2013. god. u edukativnoj emisiji HTV2 \u201e\u0160kolski sat\u201c na temu volontiranja kod nas i u svijetu, uz predstavnicu Volonterskog centra Zagreb, Ivanu Paveli\u0107 \u0160prajc, gostovala je i u\u010denica 3.c razreda I. gimnazije Marija Ga\u0161parovi\u0107, kao voditeljica Volonterskog kluba na\u0161e \u0161kole. Marija je ispred \u0161kole prijavljena na natje\u010daj za nagradu Volonterski Oskar 2012., a [&hellip;]<\/p>\n","protected":false},"author":1,"featured_media":0,"comment_status":"closed","ping_status":"closed","sticky":false,"template":"","format":"standard","meta":{"_et_pb_use_builder":"","_et_pb_old_content":"","_et_gb_content_width":"","footnotes":""},"categories":[9],"tags":[],"class_list":["post-664","post","type-post","status-publish","format-standard","hentry","category-arhiva"],"_links":{"self":[{"href":"https:\/\/prva.hr\/index.php\/wp-json\/wp\/v2\/posts\/664","targetHints":{"allow":["GET"]}}],"collection":[{"href":"https:\/\/prva.hr\/index.php\/wp-json\/wp\/v2\/posts"}],"about":[{"href":"https:\/\/prva.hr\/index.php\/wp-json\/wp\/v2\/types\/post"}],"author":[{"embeddable":true,"href":"https:\/\/prva.hr\/index.php\/wp-json\/wp\/v2\/users\/1"}],"replies":[{"embeddable":true,"href":"https:\/\/prva.hr\/index.php\/wp-json\/wp\/v2\/comments?post=664"}],"version-history":[{"count":1,"href":"https:\/\/prva.hr\/index.php\/wp-json\/wp\/v2\/posts\/664\/revisions"}],"predecessor-version":[{"id":665,"href":"https:\/\/prva.hr\/index.php\/wp-json\/wp\/v2\/posts\/664\/revisions\/665"}],"wp:attachment":[{"href":"https:\/\/prva.hr\/index.php\/wp-json\/wp\/v2\/media?parent=664"}],"wp:term":[{"taxonomy":"category","embeddable":true,"href":"https:\/\/prva.hr\/index.php\/wp-json\/wp\/v2\/categories?post=664"},{"taxonomy":"post_tag","embeddable":true,"href":"https:\/\/prva.hr\/index.php\/wp-json\/wp\/v2\/tags?post=664"}],"curies":[{"name":"wp","href":"https:\/\/api.w.org\/{rel}","templated":true}]}}