{"id":6645,"date":"2019-11-13T14:08:53","date_gmt":"2019-11-13T13:08:53","guid":{"rendered":"http:\/\/www.prva.hr\/?p=6645"},"modified":"2019-11-13T14:08:53","modified_gmt":"2019-11-13T13:08:53","slug":"radionice-u-sklopu-projekta-prometna-ucilica","status":"publish","type":"post","link":"https:\/\/prva.hr\/index.php\/2019\/11\/13\/radionice-u-sklopu-projekta-prometna-ucilica\/","title":{"rendered":"Radionice u sklopu projekta &#8220;Prometna u\u010dilica&#8221;"},"content":{"rendered":"<p>Projekt \u201ePrometna U\u010dilica\u201c ve\u0107 je 16 godina dio operativnog plana Nacionalnog programa sigurnosti cestovnog prometa Ministarstva unutarnjih poslova Republike Hrvatske na prevenciji sigurnosti cestovnog prometa, koji uz potporu Ministarstva znanosti i obrazovanja radi na edukaciji u\u010denika osnovnih i srednjih \u0161kola prometnim pravilima i propisima te po\u017eeljnom na\u010dinu sudjelovanja u prometu.<\/p>\n<p>U \u0161koli su se u sklopu projekta provodile radionice u tjednu od 4. do 8. studenoga 2019., organizirane u sedam grupa. Radionice su bile usmjerene na isticanje va\u017enosti prometne kulture te<br \/>\npoznavanja i pridr\u017eavanja prometnih propisa za sigurnost sudionika u prometu.<\/p>\n<p>&nbsp;<\/p>\n<p><img decoding=\"async\" class=\"alignnone size-medium wp-image-6649 aligncenter lazyload\" data-src=\"https:\/\/www.prva.hr\/wp-content\/uploads\/2019\/11\/20191107_120054-300x169.jpg\" alt=\"\" width=\"300\" height=\"169\" src=\"data:image\/svg+xml;base64,PHN2ZyB3aWR0aD0iMSIgaGVpZ2h0PSIxIiB4bWxucz0iaHR0cDovL3d3dy53My5vcmcvMjAwMC9zdmciPjwvc3ZnPg==\" style=\"--smush-placeholder-width: 300px; --smush-placeholder-aspect-ratio: 300\/169;\" \/><\/p>\n<p>&nbsp;<\/p>\n<p>U\u010denici su tako\u0111er pozvani sudjelovati\u00a0na 2. dr\u017eavnom natjecanju svih u\u010denika srednjih \u0161kola u poznavanju prometnih propisana Prometnoj U\u010dilici na stranicama https:\/\/ucilica.skole.hr .<\/p>\n","protected":false},"excerpt":{"rendered":"<p>Projekt \u201ePrometna U\u010dilica\u201c ve\u0107 je 16 godina dio operativnog plana Nacionalnog programa sigurnosti cestovnog prometa Ministarstva unutarnjih poslova Republike Hrvatske na prevenciji sigurnosti cestovnog prometa, koji uz potporu Ministarstva znanosti i obrazovanja radi na edukaciji u\u010denika osnovnih i srednjih \u0161kola prometnim pravilima i propisima te po\u017eeljnom na\u010dinu sudjelovanja u prometu. U \u0161koli su se u [&hellip;]<\/p>\n","protected":false},"author":7,"featured_media":6646,"comment_status":"closed","ping_status":"closed","sticky":false,"template":"","format":"standard","meta":{"_et_pb_use_builder":"","_et_pb_old_content":"","_et_gb_content_width":"","footnotes":""},"categories":[13],"tags":[],"class_list":["post-6645","post","type-post","status-publish","format-standard","has-post-thumbnail","hentry","category-preventivni-program"],"_links":{"self":[{"href":"https:\/\/prva.hr\/index.php\/wp-json\/wp\/v2\/posts\/6645","targetHints":{"allow":["GET"]}}],"collection":[{"href":"https:\/\/prva.hr\/index.php\/wp-json\/wp\/v2\/posts"}],"about":[{"href":"https:\/\/prva.hr\/index.php\/wp-json\/wp\/v2\/types\/post"}],"author":[{"embeddable":true,"href":"https:\/\/prva.hr\/index.php\/wp-json\/wp\/v2\/users\/7"}],"replies":[{"embeddable":true,"href":"https:\/\/prva.hr\/index.php\/wp-json\/wp\/v2\/comments?post=6645"}],"version-history":[{"count":1,"href":"https:\/\/prva.hr\/index.php\/wp-json\/wp\/v2\/posts\/6645\/revisions"}],"predecessor-version":[{"id":6650,"href":"https:\/\/prva.hr\/index.php\/wp-json\/wp\/v2\/posts\/6645\/revisions\/6650"}],"wp:featuredmedia":[{"embeddable":true,"href":"https:\/\/prva.hr\/index.php\/wp-json\/wp\/v2\/media\/6646"}],"wp:attachment":[{"href":"https:\/\/prva.hr\/index.php\/wp-json\/wp\/v2\/media?parent=6645"}],"wp:term":[{"taxonomy":"category","embeddable":true,"href":"https:\/\/prva.hr\/index.php\/wp-json\/wp\/v2\/categories?post=6645"},{"taxonomy":"post_tag","embeddable":true,"href":"https:\/\/prva.hr\/index.php\/wp-json\/wp\/v2\/tags?post=6645"}],"curies":[{"name":"wp","href":"https:\/\/api.w.org\/{rel}","templated":true}]}}