{"id":674,"date":"2013-02-27T13:04:12","date_gmt":"2013-02-27T12:04:12","guid":{"rendered":"http:\/\/www2.prva.hr\/?p=674"},"modified":"2017-08-05T13:04:31","modified_gmt":"2017-08-05T11:04:31","slug":"maskare-u-prvoj","status":"publish","type":"post","link":"https:\/\/prva.hr\/index.php\/2013\/02\/27\/maskare-u-prvoj\/","title":{"rendered":"Ma\u0161kare u Prvoj"},"content":{"rendered":"<p>12. 2. 2013. u Prvoj je bilo veselije nego ina\u010de. Naime atmosferu su razvedrile brojne ma\u0161kare. Poznavaoci ovda\u0161njih prilika tvrde da je bilo vi\u0161e ma\u0161kara nego ikad.\u00a0 Vjerojatno je ova zima toliko duga, toliko siva i snje\u017ena da su joj se mnogi na ovaj na\u010din poku\u0161ali oduprijeti i prizvati sunce.<br \/>\nPojavili su se brojni kauboji, hitna slu\u017eba, sultanije. Pod odmorom u holu \u0161kole su \u201egoli kuhari\u201c pokazali kulinarsko umije\u0107e.<br \/>\nVrlo kreativne maske pojavile su se u 4.a \u2013 bilo je tu nekoliko Lego kockica u raznim bojama te dvije vojne letjelice koje su se odvojile na jedan dan od hrvatske zra\u010dne eskadrile.<br \/>\nNa predstavljanju maski u kinodvorani zaplesale su vesele pripadnice poznate grupe Macho man (3.d) koje su hrabro obukle minice i pokazale duge, mi\u0161i\u0107ave (i gdjegod dlakave) noge. Otplesala je svoju to\u010dku i grupa \u201eObrana naslova prvaka\u201c (2.c). Unato\u010d mixu nekoliko pjesama raznih \u017eanrova nije bilo do kraja jasno \u0161to \u017eele poru\u010diti publici tako da nisu uspjeli ponoviti lanjski uspjeh (pobijediti). Na binu su iza\u0161le i sjajne Lego kockice.<br \/>\nPojavila su se i dva konkurentska harema, onaj iz 4.d i profesorski. Ovaj drugi, Sulejmanov imao je bolji scenski nastup te je odnio i pobjedu. Osvojenu tortu profesori su prepustili drugoplasiranim Macho man-ima a 2.c je zasjeo na tre\u0107e mjesto.<\/p>\n<p>M. Matu\u0161an<\/p>\n<p>&nbsp;<\/p>\n<p>Fotografije pogledajte <a href=\"http:\/\/www.prva.hr\/fotoalbum\/g-maskenbal-u-k-god-20122013.html\" target=\"_blank\">u galeriji<\/a>.<\/p>\n","protected":false},"excerpt":{"rendered":"<p>12. 2. 2013. u Prvoj je bilo veselije nego ina\u010de. Naime atmosferu su razvedrile brojne ma\u0161kare. Poznavaoci ovda\u0161njih prilika tvrde da je bilo vi\u0161e ma\u0161kara nego ikad.\u00a0 Vjerojatno je ova zima toliko duga, toliko siva i snje\u017ena da su joj se mnogi na ovaj na\u010din poku\u0161ali oduprijeti i prizvati sunce. Pojavili su se brojni kauboji, [&hellip;]<\/p>\n","protected":false},"author":1,"featured_media":0,"comment_status":"closed","ping_status":"closed","sticky":false,"template":"","format":"standard","meta":{"_et_pb_use_builder":"","_et_pb_old_content":"","_et_gb_content_width":"","footnotes":""},"categories":[9],"tags":[],"class_list":["post-674","post","type-post","status-publish","format-standard","hentry","category-arhiva"],"_links":{"self":[{"href":"https:\/\/prva.hr\/index.php\/wp-json\/wp\/v2\/posts\/674","targetHints":{"allow":["GET"]}}],"collection":[{"href":"https:\/\/prva.hr\/index.php\/wp-json\/wp\/v2\/posts"}],"about":[{"href":"https:\/\/prva.hr\/index.php\/wp-json\/wp\/v2\/types\/post"}],"author":[{"embeddable":true,"href":"https:\/\/prva.hr\/index.php\/wp-json\/wp\/v2\/users\/1"}],"replies":[{"embeddable":true,"href":"https:\/\/prva.hr\/index.php\/wp-json\/wp\/v2\/comments?post=674"}],"version-history":[{"count":1,"href":"https:\/\/prva.hr\/index.php\/wp-json\/wp\/v2\/posts\/674\/revisions"}],"predecessor-version":[{"id":675,"href":"https:\/\/prva.hr\/index.php\/wp-json\/wp\/v2\/posts\/674\/revisions\/675"}],"wp:attachment":[{"href":"https:\/\/prva.hr\/index.php\/wp-json\/wp\/v2\/media?parent=674"}],"wp:term":[{"taxonomy":"category","embeddable":true,"href":"https:\/\/prva.hr\/index.php\/wp-json\/wp\/v2\/categories?post=674"},{"taxonomy":"post_tag","embeddable":true,"href":"https:\/\/prva.hr\/index.php\/wp-json\/wp\/v2\/tags?post=674"}],"curies":[{"name":"wp","href":"https:\/\/api.w.org\/{rel}","templated":true}]}}