{"id":676,"date":"2013-03-01T13:04:51","date_gmt":"2013-03-01T12:04:51","guid":{"rendered":"http:\/\/www2.prva.hr\/?p=676"},"modified":"2017-08-05T13:05:10","modified_gmt":"2017-08-05T11:05:10","slug":"marija-gasparovic-osvojila-prestiznu-3-nagradu-na-svecanoj-dodjeli-volonterskog-oskara","status":"publish","type":"post","link":"https:\/\/prva.hr\/index.php\/2013\/03\/01\/marija-gasparovic-osvojila-prestiznu-3-nagradu-na-svecanoj-dodjeli-volonterskog-oskara\/","title":{"rendered":"Marija Ga\u0161parovi\u0107 osvojila presti\u017enu 3. nagradu na sve\u010danoj dodjeli Volonterskog Oskara"},"content":{"rendered":"<p>U ponedjeljak 25.2.2013. odr\u017eana je sve\u010dana dodjela nagrade Volonterski Oskar za poseban\u00a0 volonterski doprinos u 2012.godini. Na\u0161a \u0161kola je na natje\u010daj prijavila dvije kandidatkinje:\u00a0 Jelenu Mandi\u0107, u\u010denicu 3.c razreda i \u010dlanicu Volonterskog kluba, te\u00a0 Mariju Ga\u0161parovi\u0107, u\u010denicu 3.c razreda i voditeljicu Volonterskog kluba.<\/p>\n<p>Odlukom stru\u010dnog povjerenstva Volonterskog centra Zagreb u u\u017ei krug natje\u010daja je nominirana Marija\u00a0 Ga\u0161parovi\u0107 uz jo\u0161 dvoje kandidata: Nikolinu Pri\u0161ljin, volonterka udruge Krijesnica, koja je glasanjem gra\u0111ana osvojila nagradu Volonterski Oskar za 2012 i Mislava Mihaela Mandira, volontera Organizacije mladih: Status M.<\/p>\n<p>Na sve\u010danoj dodjeli Oskara, uz pozdravni govor predsjednika Gradske skup\u0161tine Davora Bernardi\u0107a, zamjenice gradona\u010delnika Jelena Pavi\u010di\u0107 Vuki\u010devi\u0107\u00a0 i izvr\u0161ne direktorice Volonterskog centra Zagreb Jele Prgi\u0107 Znike, prikazan je i kratki film o Mariji i Volonterskom klubu \u0161kole .<\/p>\n<p>Uz Mariju i Jelenu, sve\u010danoj dodjeli su prisustvovali i ostali\u00a0 \u010dlanovi Volonterskog kluba \u0161kole\u00a0 zaslu\u017eni za njihov uspjeh i te su bili pozdravljeni\u00a0 velikim pljeskom svih prisutnih.<br \/>\nVezano uz ovo presti\u017eno priznanje,\u00a0 Marija je gostovala u brojnim medijima\u00a0 i na najbolji na\u010din predstavila tradiciju humanitarnog i volonterskog djelovanja I. gimnazije.<\/p>\n<p>Gostovala\u00a0 je u:<br \/>\n&#8211; obrazovnoj emisiji HTV2 \u201e\u0160kolski sat\u201c : snimku mo\u017eete pogledati <a href=\"http:\/\/www.hrt.hr\/index.php?id=enz&amp;tx_ttnews[cat]=636&amp;cHash=b2796a7fc6\" target=\"_blank\">ovdje.<\/a><br \/>\n&#8211; emisiji \u201eRadar\u201c na\u00a0 mre\u017ea.tv: <a href=\"http:\/\/mreza.tv\/radar-2\/\" target=\"_blank\">http:\/\/mreza.tv\/radar-2\/<\/a><br \/>\n&#8211; radio emisiji HRT Prvi program \u201eCivilno dru\u0161tvo\u201c 27.2.2012.: <a href=\"http:\/\/radio.hrt.hr\/aod\/dodijeljen-volonterski-oskar\/13754\/\" target=\"_blank\">http:\/\/radio.hrt.hr\/aod\/dodijeljen-volonterski-oskar\/13754\/<\/a><\/p>\n<p>Tako\u0111er, dala je\u00a0 intervju za sredi\u0161nje dnevne emisije i portale:<br \/>\n&#8211; Dnevnik HTV 1: <a href=\"http:\/\/www.hrt.hr\/?id=enz&amp;tx_ttnews[cat]=119&amp;cHash=1\" target=\"_blank\">http:\/\/www.hrt.hr\/?id=enz&amp;tx_ttnews[cat]=119&amp;cHash=1<\/a><br \/>\n&#8211; Dnevnik Nova.tv : <a href=\"http:\/\/novatv.dnevnik.hr\/\" target=\"_blank\">http:\/\/novatv.dnevnik.hr\/<\/a><br \/>\n&#8211; Portal Civilno dru\u0161tvo.hr: AKTIVIZAM: \u201eMi mijenjamo svijet\u201c mo\u017eete pro\u010ditati ovdje.<br \/>\n&#8211; Portal Ve\u010dernji list. hr: <a href=\"http:\/\/www.vecernji.hr\/zagreb\/naj-volonteri-su-nikolina-mislav-marija-clanak-51467\" target=\"_blank\">http:\/\/www.vecernji.hr\/zagreb\/naj-volonteri-su-nikolina-mislav-marija-clanak-51467<\/a><\/p>\n<p>\u010cestitamo!<\/p>\n<p>&nbsp;<\/p>\n<p><img decoding=\"async\" src=\"http:\/\/www.prva.hr\/images\/stories\/prva\/slike\/veljaca\/volonterski%20oskar.bmp\" width=\"334\" height=\"473\" border=\"0\" \/><\/p>\n<p>&nbsp;<\/p>\n<p><img decoding=\"async\" data-src=\"http:\/\/www.prva.hr\/images\/stories\/prva\/slike\/veljaca\/na%20plavom%209.2.2013%20055.jpg\" width=\"326\" height=\"243\" border=\"0\" src=\"data:image\/svg+xml;base64,PHN2ZyB3aWR0aD0iMSIgaGVpZ2h0PSIxIiB4bWxucz0iaHR0cDovL3d3dy53My5vcmcvMjAwMC9zdmciPjwvc3ZnPg==\" class=\"lazyload\" style=\"--smush-placeholder-width: 326px; --smush-placeholder-aspect-ratio: 326\/243;\" \/><\/p>\n<p>&nbsp;<\/p>\n<p><img decoding=\"async\" data-src=\"http:\/\/www.prva.hr\/images\/stories\/prva\/slike\/veljaca\/na%20plavom%209.2.2013034.jpg\" width=\"323\" height=\"245\" border=\"0\" src=\"data:image\/svg+xml;base64,PHN2ZyB3aWR0aD0iMSIgaGVpZ2h0PSIxIiB4bWxucz0iaHR0cDovL3d3dy53My5vcmcvMjAwMC9zdmciPjwvc3ZnPg==\" class=\"lazyload\" style=\"--smush-placeholder-width: 323px; --smush-placeholder-aspect-ratio: 323\/245;\" \/><\/p>\n","protected":false},"excerpt":{"rendered":"<p>U ponedjeljak 25.2.2013. odr\u017eana je sve\u010dana dodjela nagrade Volonterski Oskar za poseban\u00a0 volonterski doprinos u 2012.godini. Na\u0161a \u0161kola je na natje\u010daj prijavila dvije kandidatkinje:\u00a0 Jelenu Mandi\u0107, u\u010denicu 3.c razreda i \u010dlanicu Volonterskog kluba, te\u00a0 Mariju Ga\u0161parovi\u0107, u\u010denicu 3.c razreda i voditeljicu Volonterskog kluba. Odlukom stru\u010dnog povjerenstva Volonterskog centra Zagreb u u\u017ei krug natje\u010daja je nominirana [&hellip;]<\/p>\n","protected":false},"author":1,"featured_media":0,"comment_status":"closed","ping_status":"closed","sticky":false,"template":"","format":"standard","meta":{"_et_pb_use_builder":"","_et_pb_old_content":"","_et_gb_content_width":"","footnotes":""},"categories":[9],"tags":[],"class_list":["post-676","post","type-post","status-publish","format-standard","hentry","category-arhiva"],"_links":{"self":[{"href":"https:\/\/prva.hr\/index.php\/wp-json\/wp\/v2\/posts\/676","targetHints":{"allow":["GET"]}}],"collection":[{"href":"https:\/\/prva.hr\/index.php\/wp-json\/wp\/v2\/posts"}],"about":[{"href":"https:\/\/prva.hr\/index.php\/wp-json\/wp\/v2\/types\/post"}],"author":[{"embeddable":true,"href":"https:\/\/prva.hr\/index.php\/wp-json\/wp\/v2\/users\/1"}],"replies":[{"embeddable":true,"href":"https:\/\/prva.hr\/index.php\/wp-json\/wp\/v2\/comments?post=676"}],"version-history":[{"count":1,"href":"https:\/\/prva.hr\/index.php\/wp-json\/wp\/v2\/posts\/676\/revisions"}],"predecessor-version":[{"id":677,"href":"https:\/\/prva.hr\/index.php\/wp-json\/wp\/v2\/posts\/676\/revisions\/677"}],"wp:attachment":[{"href":"https:\/\/prva.hr\/index.php\/wp-json\/wp\/v2\/media?parent=676"}],"wp:term":[{"taxonomy":"category","embeddable":true,"href":"https:\/\/prva.hr\/index.php\/wp-json\/wp\/v2\/categories?post=676"},{"taxonomy":"post_tag","embeddable":true,"href":"https:\/\/prva.hr\/index.php\/wp-json\/wp\/v2\/tags?post=676"}],"curies":[{"name":"wp","href":"https:\/\/api.w.org\/{rel}","templated":true}]}}