{"id":683,"date":"2013-03-11T13:07:29","date_gmt":"2013-03-11T12:07:29","guid":{"rendered":"http:\/\/www2.prva.hr\/?p=683"},"modified":"2017-08-05T13:07:54","modified_gmt":"2017-08-05T11:07:54","slug":"humanitarna-akcija-kap-dobrote-u-sk-god-2012-2013","status":"publish","type":"post","link":"https:\/\/prva.hr\/index.php\/2013\/03\/11\/humanitarna-akcija-kap-dobrote-u-sk-god-2012-2013\/","title":{"rendered":"Humanitarna akcija Kap dobrote u \u0161k. god. 2012.\/2013."},"content":{"rendered":"<p>Humanitarnim koncertom u \u010detvrtak, 21. o\u017eujka obilje\u017eavamo <strong>svjetski <\/strong><strong>Dan darovitih u\u010denika<\/strong> i \u010destitamo im na svim uspjesima i postignu\u0107ima!\u00a0 <em><br \/>\n<\/em><\/p>\n<p>&nbsp;<\/p>\n<p>&nbsp;<\/p>\n<p><img decoding=\"async\" data-src=\"http:\/\/www.prva.hr\/images\/stories\/prva\/slike\/ozujak\/kap%20dobrote%20-%20web.jpg\" width=\"462\" height=\"653\" border=\"0\" src=\"data:image\/svg+xml;base64,PHN2ZyB3aWR0aD0iMSIgaGVpZ2h0PSIxIiB4bWxucz0iaHR0cDovL3d3dy53My5vcmcvMjAwMC9zdmciPjwvc3ZnPg==\" class=\"lazyload\" style=\"--smush-placeholder-width: 462px; --smush-placeholder-aspect-ratio: 462\/653;\" \/><\/p>\n","protected":false},"excerpt":{"rendered":"<p>Humanitarnim koncertom u \u010detvrtak, 21. o\u017eujka obilje\u017eavamo svjetski Dan darovitih u\u010denika i \u010destitamo im na svim uspjesima i postignu\u0107ima!\u00a0 &nbsp; &nbsp;<\/p>\n","protected":false},"author":1,"featured_media":0,"comment_status":"closed","ping_status":"closed","sticky":false,"template":"","format":"standard","meta":{"_et_pb_use_builder":"","_et_pb_old_content":"","_et_gb_content_width":"","footnotes":""},"categories":[9],"tags":[],"class_list":["post-683","post","type-post","status-publish","format-standard","hentry","category-arhiva"],"_links":{"self":[{"href":"https:\/\/prva.hr\/index.php\/wp-json\/wp\/v2\/posts\/683","targetHints":{"allow":["GET"]}}],"collection":[{"href":"https:\/\/prva.hr\/index.php\/wp-json\/wp\/v2\/posts"}],"about":[{"href":"https:\/\/prva.hr\/index.php\/wp-json\/wp\/v2\/types\/post"}],"author":[{"embeddable":true,"href":"https:\/\/prva.hr\/index.php\/wp-json\/wp\/v2\/users\/1"}],"replies":[{"embeddable":true,"href":"https:\/\/prva.hr\/index.php\/wp-json\/wp\/v2\/comments?post=683"}],"version-history":[{"count":1,"href":"https:\/\/prva.hr\/index.php\/wp-json\/wp\/v2\/posts\/683\/revisions"}],"predecessor-version":[{"id":684,"href":"https:\/\/prva.hr\/index.php\/wp-json\/wp\/v2\/posts\/683\/revisions\/684"}],"wp:attachment":[{"href":"https:\/\/prva.hr\/index.php\/wp-json\/wp\/v2\/media?parent=683"}],"wp:term":[{"taxonomy":"category","embeddable":true,"href":"https:\/\/prva.hr\/index.php\/wp-json\/wp\/v2\/categories?post=683"},{"taxonomy":"post_tag","embeddable":true,"href":"https:\/\/prva.hr\/index.php\/wp-json\/wp\/v2\/tags?post=683"}],"curies":[{"name":"wp","href":"https:\/\/api.w.org\/{rel}","templated":true}]}}