{"id":6842,"date":"2019-12-09T12:07:29","date_gmt":"2019-12-09T11:07:29","guid":{"rendered":"http:\/\/www.prva.hr\/?p=6842"},"modified":"2019-12-09T12:14:29","modified_gmt":"2019-12-09T11:14:29","slug":"volonteri-i-ucenici-prve-darivali-djecu-obitelji-caritasa-za-sv-nikolu","status":"publish","type":"post","link":"https:\/\/prva.hr\/index.php\/2019\/12\/09\/volonteri-i-ucenici-prve-darivali-djecu-obitelji-caritasa-za-sv-nikolu\/","title":{"rendered":"Zahvala Caritasa Zagreba\u010dke nadbiskupije I. gimnaziji"},"content":{"rendered":"<p>U organizacij <strong>Volonterskog kluba I. gimnazije<\/strong>\u00a0 uo\u010di blagdana sv. Nikole organizirana je od <strong>4.- 6. 12. 201<\/strong>9. humanitarna <strong>akcija darivanja slatki\u0161a<\/strong>\u00a0pod nazivom\u00a0<strong>&#8220;Budi cool, udijeli slatki\u0161 svoj&#8221;.<\/strong> Prikupljeno je <strong>vi\u0161e od 500<\/strong> razli\u010ditih<strong> slatki\u0161a<\/strong> koji su u\u00a0subotu 7. 12. 2019. darovani djeci siroma\u0161nih obitelji Caritasa Zagreba\u010dke nadbiskupije u \u017dupi sv. Nikole biskupa.<\/p>\n<p>Objavu o doga\u0111aju i zahvalu u\u010denicima I. gimnazije na doprinosu mo\u017eete pro\u010ditati na slu\u017ebenim stranicama Caritasa Zagreba\u010dke nadbiskupije:<\/p>\n<p>http:\/\/<strong>www.czn.hr\/vijesti\/<wbr \/>sveti-nikola-razveselio-djecu\u00a0<\/strong><\/p>\n<p>SVETI NIKOLA RAZVESELIO DJECU<\/p>\n<p>&#8220;Zagreba\u010dki Caritas organizirao je u suradnji sa \u017dupom sv. Nikole biskupa &#8211; Stenjevec II u Zagrebu nikolinjski susret za stotinjak djece iz potrebitih obitelji<\/p>\n<p><a href=\"http:\/\/www.prva.hr\/index.php\/2019\/12\/09\/volonteri-i-ucenici-prve-darivali-djecu-obitelji-caritasa-za-sv-nikolu\/191207-susnikolinjski-sklaric_01-w\/\" rel=\"attachment wp-att-6848\"><img decoding=\"async\" class=\"alignnone size-medium wp-image-6848 lazyload\" data-src=\"https:\/\/www.prva.hr\/wp-content\/uploads\/2019\/12\/191207-susNikolinjski-SKlaric_01-w-285x300.jpg\" alt=\"\" width=\"285\" height=\"300\" data-srcset=\"https:\/\/prva.hr\/wp-content\/uploads\/2019\/12\/191207-susNikolinjski-SKlaric_01-w-285x300.jpg 285w, https:\/\/prva.hr\/wp-content\/uploads\/2019\/12\/191207-susNikolinjski-SKlaric_01-w-768x808.jpg 768w, https:\/\/prva.hr\/wp-content\/uploads\/2019\/12\/191207-susNikolinjski-SKlaric_01-w.jpg 770w\" data-sizes=\"(max-width: 285px) 100vw, 285px\" src=\"data:image\/svg+xml;base64,PHN2ZyB3aWR0aD0iMSIgaGVpZ2h0PSIxIiB4bWxucz0iaHR0cDovL3d3dy53My5vcmcvMjAwMC9zdmciPjwvc3ZnPg==\" style=\"--smush-placeholder-width: 285px; --smush-placeholder-aspect-ratio: 285\/300;\" \/><\/a><\/p>\n<p>U prigodnom programu odr\u017eanom 7. prosinca u crkvi sv. Nikole biskupa u Gajnicama nastupio je Dje\u010dji zbor \u00bbGlasnici velikog Kralja\u00ab iz iste \u017eupe, a svojim donacijama za pripremu darova, uz Caritas, svetom Nikoli su pomogli sljede\u0107i darovatelji: tvrtke Radoform (vre\u0107ice) i Kanaan(grickalice), kopirnica Arskopija (naljepnice), te donacijama slatki\u0161a: Nadbiskupska klasi\u010dna gimnazija, \u017denska op\u0107a gimnazija Dru\u017ebe sestara milosrdnice s pravom javnosti i <strong>Prva gimnazija<\/strong> i O\u0160 Antuna Mihanovi\u0107a &#8211; sve iz Zagreba.<\/p>\n<p>Caritas Zagreba\u010dke nadbiskupije zahvaljuje u ime svojih korisnika svim navedenim darovateljima te doma\u0107inu susreta, \u017eupniku vl\u010d. Mariju Bi\u010daku, na velikodu\u0161nom gostoprimstvu&#8221;.<\/p>\n","protected":false},"excerpt":{"rendered":"<p>U organizacij Volonterskog kluba I. gimnazije\u00a0 uo\u010di blagdana sv. Nikole organizirana je od 4.- 6. 12. 2019. humanitarna akcija darivanja slatki\u0161a\u00a0pod nazivom\u00a0&#8220;Budi cool, udijeli slatki\u0161 svoj&#8221;. Prikupljeno je vi\u0161e od 500 razli\u010ditih slatki\u0161a koji su u\u00a0subotu 7. 12. 2019. darovani djeci siroma\u0161nih obitelji Caritasa Zagreba\u010dke nadbiskupije u \u017dupi sv. Nikole biskupa. Objavu o doga\u0111aju i [&hellip;]<\/p>\n","protected":false},"author":6,"featured_media":0,"comment_status":"closed","ping_status":"closed","sticky":false,"template":"","format":"standard","meta":{"_et_pb_use_builder":"","_et_pb_old_content":"","_et_gb_content_width":"","footnotes":""},"categories":[52],"tags":[],"class_list":["post-6842","post","type-post","status-publish","format-standard","hentry","category-mediji-skola-u-medijima"],"_links":{"self":[{"href":"https:\/\/prva.hr\/index.php\/wp-json\/wp\/v2\/posts\/6842","targetHints":{"allow":["GET"]}}],"collection":[{"href":"https:\/\/prva.hr\/index.php\/wp-json\/wp\/v2\/posts"}],"about":[{"href":"https:\/\/prva.hr\/index.php\/wp-json\/wp\/v2\/types\/post"}],"author":[{"embeddable":true,"href":"https:\/\/prva.hr\/index.php\/wp-json\/wp\/v2\/users\/6"}],"replies":[{"embeddable":true,"href":"https:\/\/prva.hr\/index.php\/wp-json\/wp\/v2\/comments?post=6842"}],"version-history":[{"count":5,"href":"https:\/\/prva.hr\/index.php\/wp-json\/wp\/v2\/posts\/6842\/revisions"}],"predecessor-version":[{"id":6850,"href":"https:\/\/prva.hr\/index.php\/wp-json\/wp\/v2\/posts\/6842\/revisions\/6850"}],"wp:attachment":[{"href":"https:\/\/prva.hr\/index.php\/wp-json\/wp\/v2\/media?parent=6842"}],"wp:term":[{"taxonomy":"category","embeddable":true,"href":"https:\/\/prva.hr\/index.php\/wp-json\/wp\/v2\/categories?post=6842"},{"taxonomy":"post_tag","embeddable":true,"href":"https:\/\/prva.hr\/index.php\/wp-json\/wp\/v2\/tags?post=6842"}],"curies":[{"name":"wp","href":"https:\/\/api.w.org\/{rel}","templated":true}]}}