{"id":687,"date":"2013-03-21T13:08:34","date_gmt":"2013-03-21T12:08:34","guid":{"rendered":"http:\/\/www2.prva.hr\/?p=687"},"modified":"2017-08-05T13:08:52","modified_gmt":"2017-08-05T11:08:52","slug":"knjizevni-kruzok-ucenika-i-gimnazije","status":"publish","type":"post","link":"https:\/\/prva.hr\/index.php\/2013\/03\/21\/knjizevni-kruzok-ucenika-i-gimnazije\/","title":{"rendered":"Knji\u017eevni kru\u017eok u\u010denika I. gimnazije"},"content":{"rendered":"<p>U povodu Svjetskoga dana pripovijedanja 20. o\u017eujka i Svjetskoga dana poezije 21. o\u017eujka &#8211; na prvi dan prolje\u0107a i ro\u0111endan Ivana Gorana Kova\u010di\u0107a &#8211; u na\u0161oj \u0161koli odr\u017ean je MALI KNJI\u017dEVNI KRU\u017dOK u srijedu 20. o\u017eujka 2013. u 13,10 sati (7. sat) u knji\u017enici na kojemu su nastupili na\u0161i u\u010denici sa svojim literarnim radovima.<img decoding=\"async\" src=\"http:\/\/www.prva.hr\/images\/stories\/prva\/slike\/ozujak\/kruok.bmp\" width=\"558\" height=\"391\" border=\"0\" \/><\/p>\n<p><span class=\"article_separator\">\u00a0<\/span><\/p>\n","protected":false},"excerpt":{"rendered":"<p>U povodu Svjetskoga dana pripovijedanja 20. o\u017eujka i Svjetskoga dana poezije 21. o\u017eujka &#8211; na prvi dan prolje\u0107a i ro\u0111endan Ivana Gorana Kova\u010di\u0107a &#8211; u na\u0161oj \u0161koli odr\u017ean je MALI KNJI\u017dEVNI KRU\u017dOK u srijedu 20. o\u017eujka 2013. u 13,10 sati (7. sat) u knji\u017enici na kojemu su nastupili na\u0161i u\u010denici sa svojim literarnim radovima. \u00a0<\/p>\n","protected":false},"author":1,"featured_media":0,"comment_status":"closed","ping_status":"closed","sticky":false,"template":"","format":"standard","meta":{"_et_pb_use_builder":"","_et_pb_old_content":"","_et_gb_content_width":"","footnotes":""},"categories":[9],"tags":[],"class_list":["post-687","post","type-post","status-publish","format-standard","hentry","category-arhiva"],"_links":{"self":[{"href":"https:\/\/prva.hr\/index.php\/wp-json\/wp\/v2\/posts\/687","targetHints":{"allow":["GET"]}}],"collection":[{"href":"https:\/\/prva.hr\/index.php\/wp-json\/wp\/v2\/posts"}],"about":[{"href":"https:\/\/prva.hr\/index.php\/wp-json\/wp\/v2\/types\/post"}],"author":[{"embeddable":true,"href":"https:\/\/prva.hr\/index.php\/wp-json\/wp\/v2\/users\/1"}],"replies":[{"embeddable":true,"href":"https:\/\/prva.hr\/index.php\/wp-json\/wp\/v2\/comments?post=687"}],"version-history":[{"count":1,"href":"https:\/\/prva.hr\/index.php\/wp-json\/wp\/v2\/posts\/687\/revisions"}],"predecessor-version":[{"id":688,"href":"https:\/\/prva.hr\/index.php\/wp-json\/wp\/v2\/posts\/687\/revisions\/688"}],"wp:attachment":[{"href":"https:\/\/prva.hr\/index.php\/wp-json\/wp\/v2\/media?parent=687"}],"wp:term":[{"taxonomy":"category","embeddable":true,"href":"https:\/\/prva.hr\/index.php\/wp-json\/wp\/v2\/categories?post=687"},{"taxonomy":"post_tag","embeddable":true,"href":"https:\/\/prva.hr\/index.php\/wp-json\/wp\/v2\/tags?post=687"}],"curies":[{"name":"wp","href":"https:\/\/api.w.org\/{rel}","templated":true}]}}