{"id":6878,"date":"2019-12-13T11:41:15","date_gmt":"2019-12-13T10:41:15","guid":{"rendered":"http:\/\/www.prva.hr\/?p=6878"},"modified":"2019-12-16T08:35:21","modified_gmt":"2019-12-16T07:35:21","slug":"i-roditelji-mogu-rasti-odrzan-1-ciklus-radionica-za-roditelje-i-gimnazije","status":"publish","type":"post","link":"https:\/\/prva.hr\/index.php\/2019\/12\/13\/i-roditelji-mogu-rasti-odrzan-1-ciklus-radionica-za-roditelje-i-gimnazije\/","title":{"rendered":"&#8220;&#8230;I RODITELJI MOGU RASTI!&#8221;- odr\u017ean 1. ciklus radionica za roditelje I. gimnazije"},"content":{"rendered":"<p>U okviru \u0160kolske preventivne strategije I. gimnazije, \u0161kolska psihologinja Vlasta Luka\u010devi\u0107, prof.\u00a0 osmislila je i provodi preventivni program za roditelje u\u010denika pod naslovom\u00a0\u00a0<strong>&#8220;Podr\u017eavaju\u0107e roditeljstvo&#8221;\u00a0 <\/strong>uz moto<strong>\u00a0&#8220;&#8230;i roditelji mogu rasti!&#8221;.<\/strong><\/p>\n<p>Taj edukativni preventivni program\u00a0 sastoji od\u00a0 <strong>tri interaktivne radionice<\/strong> namijenjene zainteresiranim roditeljima u\u010denika prvih razreda, s ciljem ja\u010danja njihovih roditeljskih kompetencija.<\/p>\n<p>Teme radionica su:<\/p>\n<ol>\n<li><strong>Kako uspje\u0161no komunicirati s mladima?<\/strong><\/li>\n<li><strong>Kako postaviti granice u pona\u0161anju mladih?<\/strong><\/li>\n<li><strong>Kako poticati razvoj samopo\u0161tovanja kod mladih?<\/strong><\/li>\n<\/ol>\n<p><strong>\u00a0<\/strong>Obzirom na odli\u010dan odaziv i interes na\u0161ih roditelja, prvi ciklus radionica odr\u017eao se u razdoblju <strong>17. listopada do 12. prosinca 2019<\/strong>. za roditelje u\u010denika 1.a, 1.b. i 1.c,\u00a0 dok \u0107e se sljede\u0107i ciklus, za prijavljene roditelje u\u010denika ostalih razreda, odr\u017eat tijekom drugog polugodi\u0161ta.<\/p>\n<p><a href=\"http:\/\/www.prva.hr\/index.php\/2019\/12\/13\/i-roditelji-mogu-rasti-odrzan-1-ciklus-radionica-za-roditelje-i-gimnazije\/roditelji-1\/\" rel=\"attachment wp-att-6886\"><img decoding=\"async\" class=\"alignnone size-medium wp-image-6886 lazyload\" data-src=\"https:\/\/www.prva.hr\/wp-content\/uploads\/2019\/12\/roditelji-1-300x225.jpg\" alt=\"\" width=\"300\" height=\"225\" data-srcset=\"https:\/\/prva.hr\/wp-content\/uploads\/2019\/12\/roditelji-1-300x225.jpg 300w, https:\/\/prva.hr\/wp-content\/uploads\/2019\/12\/roditelji-1-768x576.jpg 768w, https:\/\/prva.hr\/wp-content\/uploads\/2019\/12\/roditelji-1-1024x768.jpg 1024w, https:\/\/prva.hr\/wp-content\/uploads\/2019\/12\/roditelji-1-400x300.jpg 400w\" data-sizes=\"(max-width: 300px) 100vw, 300px\" src=\"data:image\/svg+xml;base64,PHN2ZyB3aWR0aD0iMSIgaGVpZ2h0PSIxIiB4bWxucz0iaHR0cDovL3d3dy53My5vcmcvMjAwMC9zdmciPjwvc3ZnPg==\" style=\"--smush-placeholder-width: 300px; --smush-placeholder-aspect-ratio: 300\/225;\" \/><\/a>\u00a0 \u00a0 \u00a0 Ciklus radionica za roditelje&#8221;Podr\u017eavaju\u0107e roditeljstvo &#8211; &#8230;i roditelji mogu rasti!&#8221;\u00a0\u00a0<a href=\"http:\/\/www.prva.hr\/index.php\/2019\/12\/13\/i-roditelji-mogu-rasti-odrzan-1-ciklus-radionica-za-roditelje-i-gimnazije\/roditelji-2a\/\" rel=\"attachment wp-att-6884\"><img decoding=\"async\" class=\"alignnone size-medium wp-image-6884 lazyload\" data-src=\"https:\/\/www.prva.hr\/wp-content\/uploads\/2019\/12\/roditelji-2a-300x225.jpg\" alt=\"\" width=\"300\" height=\"225\" data-srcset=\"https:\/\/prva.hr\/wp-content\/uploads\/2019\/12\/roditelji-2a-300x225.jpg 300w, https:\/\/prva.hr\/wp-content\/uploads\/2019\/12\/roditelji-2a-768x576.jpg 768w, https:\/\/prva.hr\/wp-content\/uploads\/2019\/12\/roditelji-2a-1024x768.jpg 1024w, https:\/\/prva.hr\/wp-content\/uploads\/2019\/12\/roditelji-2a-400x300.jpg 400w\" data-sizes=\"(max-width: 300px) 100vw, 300px\" src=\"data:image\/svg+xml;base64,PHN2ZyB3aWR0aD0iMSIgaGVpZ2h0PSIxIiB4bWxucz0iaHR0cDovL3d3dy53My5vcmcvMjAwMC9zdmciPjwvc3ZnPg==\" style=\"--smush-placeholder-width: 300px; --smush-placeholder-aspect-ratio: 300\/225;\" \/><\/a><\/p>\n<p>&nbsp;<\/p>\n","protected":false},"excerpt":{"rendered":"<p>U okviru \u0160kolske preventivne strategije I. gimnazije, \u0161kolska psihologinja Vlasta Luka\u010devi\u0107, prof.\u00a0 osmislila je i provodi preventivni program za roditelje u\u010denika pod naslovom\u00a0\u00a0&#8220;Podr\u017eavaju\u0107e roditeljstvo&#8221;\u00a0 uz moto\u00a0&#8220;&#8230;i roditelji mogu rasti!&#8221;. Taj edukativni preventivni program\u00a0 sastoji od\u00a0 tri interaktivne radionice namijenjene zainteresiranim roditeljima u\u010denika prvih razreda, s ciljem ja\u010danja njihovih roditeljskih kompetencija. Teme radionica su: Kako uspje\u0161no [&hellip;]<\/p>\n","protected":false},"author":6,"featured_media":6885,"comment_status":"closed","ping_status":"closed","sticky":false,"template":"","format":"standard","meta":{"_et_pb_use_builder":"","_et_pb_old_content":"","_et_gb_content_width":"","footnotes":""},"categories":[4,13,57],"tags":[],"class_list":["post-6878","post","type-post","status-publish","format-standard","has-post-thumbnail","hentry","category-najnovije-vijesti","category-preventivni-program","category-vanjski-korisnici-obavijesti-za-roditelje-raspored-primanja-roditelja"],"_links":{"self":[{"href":"https:\/\/prva.hr\/index.php\/wp-json\/wp\/v2\/posts\/6878","targetHints":{"allow":["GET"]}}],"collection":[{"href":"https:\/\/prva.hr\/index.php\/wp-json\/wp\/v2\/posts"}],"about":[{"href":"https:\/\/prva.hr\/index.php\/wp-json\/wp\/v2\/types\/post"}],"author":[{"embeddable":true,"href":"https:\/\/prva.hr\/index.php\/wp-json\/wp\/v2\/users\/6"}],"replies":[{"embeddable":true,"href":"https:\/\/prva.hr\/index.php\/wp-json\/wp\/v2\/comments?post=6878"}],"version-history":[{"count":5,"href":"https:\/\/prva.hr\/index.php\/wp-json\/wp\/v2\/posts\/6878\/revisions"}],"predecessor-version":[{"id":6891,"href":"https:\/\/prva.hr\/index.php\/wp-json\/wp\/v2\/posts\/6878\/revisions\/6891"}],"wp:featuredmedia":[{"embeddable":true,"href":"https:\/\/prva.hr\/index.php\/wp-json\/wp\/v2\/media\/6885"}],"wp:attachment":[{"href":"https:\/\/prva.hr\/index.php\/wp-json\/wp\/v2\/media?parent=6878"}],"wp:term":[{"taxonomy":"category","embeddable":true,"href":"https:\/\/prva.hr\/index.php\/wp-json\/wp\/v2\/categories?post=6878"},{"taxonomy":"post_tag","embeddable":true,"href":"https:\/\/prva.hr\/index.php\/wp-json\/wp\/v2\/tags?post=6878"}],"curies":[{"name":"wp","href":"https:\/\/api.w.org\/{rel}","templated":true}]}}