{"id":689,"date":"2013-03-21T13:09:01","date_gmt":"2013-03-21T12:09:01","guid":{"rendered":"http:\/\/www2.prva.hr\/?p=689"},"modified":"2017-08-05T13:09:18","modified_gmt":"2017-08-05T11:09:18","slug":"prva-u-medijima","status":"publish","type":"post","link":"https:\/\/prva.hr\/index.php\/2013\/03\/21\/prva-u-medijima\/","title":{"rendered":"Prva u medijima"},"content":{"rendered":"<p>U srijedu 13.3.2013. u na\u0161oj \u0161koli je gostovala ekipa mre\u017ee.tv i snimila zanimljivu reporta\u017eu o radu Volonterskog kluba I. gimnazije za emisiju Klincoteka o dobrobiti djece i mladih. Na\u0161i volonteri Marija Ga\u0161parovi\u0107,\u00a0 Jelena Mandi\u0107 i Filip Kola\u010dek, u\u010denici 3.c razreda su tom priikom jo\u0161 jedanput uspje\u0161no predstavili na\u0161u \u0161kolu\u00a0 i rad Volonterskog kluba kroz brojne humanitarne akcije poput Kapi dobrote i Slatki\u0161a za djecu Caritasa,\u00a0\u00a0 te\u00a0 kroz nedavne uspjehe voditeljice kluba Marije Ga\u0161parovi\u0107 osvajanjem nagrade Luka Ritz i tre\u0107eg mjesta na Volonterskom Oskaru za 2012. Ovu zanimljivu reporta\u017eu mo\u017eete pogledati u \u010detvrtak 21.3.2013. u 17.30 na mre\u017ei.tv<\/p>\n<p>&#8211;<\/p>\n<p>Na internetskim stranicama Volonterskog centra Zagreb (VCZ) objavljena je volonterska pri\u010da Jelene Mandi\u0107, u\u010denice 3.c razreda I. gimnazije i \u010dlanice Volonterskog kluba. Jelena je, kao aktivna volonterka,\u00a0 od strane \u0161kole bila vi\u0161e puta me\u0111u nagra\u0111enima u kategoriji \u201eNaj-volonter\u201c, a u sije\u010dnju ove godine bila je, prvi put predlo\u017eena, kao jedna od dvoje kandidata, za nagradu VCZ-a Volonterski Oskar 2012.<\/p>\n<p><a href=\"http:\/\/www.vcz.hr\/volonteri\/crtice-iz-volonterskog-zivota\/stvari-se-ne-mijenjaju-same-mijenjamo-ih-mi\/\" target=\"_blank\">http:\/\/www.vcz.hr\/volonteri\/crtice-iz-volonterskog-zivota\/stvari-se-ne-mijenjaju-same-mijenjamo-ih-mi\/<\/a><\/p>\n","protected":false},"excerpt":{"rendered":"<p>U srijedu 13.3.2013. u na\u0161oj \u0161koli je gostovala ekipa mre\u017ee.tv i snimila zanimljivu reporta\u017eu o radu Volonterskog kluba I. gimnazije za emisiju Klincoteka o dobrobiti djece i mladih. Na\u0161i volonteri Marija Ga\u0161parovi\u0107,\u00a0 Jelena Mandi\u0107 i Filip Kola\u010dek, u\u010denici 3.c razreda su tom priikom jo\u0161 jedanput uspje\u0161no predstavili na\u0161u \u0161kolu\u00a0 i rad Volonterskog kluba kroz brojne [&hellip;]<\/p>\n","protected":false},"author":1,"featured_media":0,"comment_status":"closed","ping_status":"closed","sticky":false,"template":"","format":"standard","meta":{"_et_pb_use_builder":"","_et_pb_old_content":"","_et_gb_content_width":"","footnotes":""},"categories":[9],"tags":[],"class_list":["post-689","post","type-post","status-publish","format-standard","hentry","category-arhiva"],"_links":{"self":[{"href":"https:\/\/prva.hr\/index.php\/wp-json\/wp\/v2\/posts\/689","targetHints":{"allow":["GET"]}}],"collection":[{"href":"https:\/\/prva.hr\/index.php\/wp-json\/wp\/v2\/posts"}],"about":[{"href":"https:\/\/prva.hr\/index.php\/wp-json\/wp\/v2\/types\/post"}],"author":[{"embeddable":true,"href":"https:\/\/prva.hr\/index.php\/wp-json\/wp\/v2\/users\/1"}],"replies":[{"embeddable":true,"href":"https:\/\/prva.hr\/index.php\/wp-json\/wp\/v2\/comments?post=689"}],"version-history":[{"count":1,"href":"https:\/\/prva.hr\/index.php\/wp-json\/wp\/v2\/posts\/689\/revisions"}],"predecessor-version":[{"id":690,"href":"https:\/\/prva.hr\/index.php\/wp-json\/wp\/v2\/posts\/689\/revisions\/690"}],"wp:attachment":[{"href":"https:\/\/prva.hr\/index.php\/wp-json\/wp\/v2\/media?parent=689"}],"wp:term":[{"taxonomy":"category","embeddable":true,"href":"https:\/\/prva.hr\/index.php\/wp-json\/wp\/v2\/categories?post=689"},{"taxonomy":"post_tag","embeddable":true,"href":"https:\/\/prva.hr\/index.php\/wp-json\/wp\/v2\/tags?post=689"}],"curies":[{"name":"wp","href":"https:\/\/api.w.org\/{rel}","templated":true}]}}