{"id":695,"date":"2013-03-26T11:11:28","date_gmt":"2013-03-26T10:11:28","guid":{"rendered":"http:\/\/www2.prva.hr\/?p=695"},"modified":"2017-08-06T11:11:55","modified_gmt":"2017-08-06T09:11:55","slug":"kap-dobrote-u-prvoj","status":"publish","type":"post","link":"https:\/\/prva.hr\/index.php\/2013\/03\/26\/kap-dobrote-u-prvoj\/","title":{"rendered":"Kap dobrote u Prvoj"},"content":{"rendered":"<p>\u010cak 19 godina traje na\u0161a humanitarna akcija. Sa zadovoljstvom mogu re\u0107i da intenzitet akcije nije ni<br \/>\nmalo oslabio. Kroz razne aktivnosti okupio se veliki broj u\u010denika i djelatnika \u0161kole. Svi sa zajedni\u010dkim<br \/>\nciljem \u2013 prikupiti sredstva kojima smo ove godine pomogli udruzi Crveni nosevi. Krenimo redom!<\/p>\n<p>11. 3. 2013. zapo\u010delo je rukometno prvenstvo koje je okupilo 22 ekipe (najmasovnije ikad!). Neki<br \/>\nrazredi prijavili su \u010dak 3 ili 4 ekipe. Iako je cilj humanitarno djelovanje nije nedostajalo natjecateljskih<br \/>\nmotiva. Neki favoriti su podbacili dok su do zavr\u0161nice do\u0161li \u201eneki novi klinci\u201c. Tako je u borbi za 3.<br \/>\nmjesto ekipa 4.c tijesno pobijedila Talente, 3.a (8:7). U finalu je fenomenalni 2.c pobijedio lanjske<br \/>\nprvake Mre\u017eotres, 3.a.<\/p>\n<p>14. 3. 2013. u holu \u0161kole odr\u017ean je humanitarni sajam koji su pripremili u\u010denici. Tu je do izra\u017eaja<br \/>\ndo\u0161la njihova kreativnost u raznolikoj ponudi ali i sposobnost u plasmanu proizvoda i usluga. Bilo je<br \/>\ntu prave rokerske svirke, ispunjavanja muzi\u010dkih \u017eelja na juboxu, bookmarkera s pozitivnim mislima,<br \/>\numjetni\u010dkih fotografija, predmeta od keramike, bro\u0161eva, sadnica za\u010dinskog bilja, kokica, raznih<br \/>\nnapitaka, isprika za pojedine predmete. Za malo novaca gatare su predvi\u0111ale svjetlu budu\u0107nost a na<br \/>\nnekoliko \u0161tandova smo se mogli urediti \u2013 lakirati nokte, isplesti pletenice, izmasirati se. Oni najhrabriji<br \/>\nsu mogli zaigrati stolni tenis s Nikom, aktualnom stolnoteniskom prvakinjom \u0161kole.<\/p>\n<p>Zadovoljstvo nam je \u0161to su nam na sajmu gostovale \u010dlanice Volonterskog kluba Prirodoslovne \u0161kole<br \/>\nV. Preloga. One su na svom \u0161tandu imale wellnes \u2013 \u0161minkanje, masa\u017eu, ure\u0111ivanje noktiju. Tako\u0111er<br \/>\nsu nam dovele poznate Dinamovce Kelavu i Halilovi\u0107a koji su se nesebi\u010dno uklju\u010dili u akciju.<\/p>\n<p>Volonterski klub na\u0161e \u0161kole u goste je pozvao Petru Ni\u017eeti\u0107, televizijsku voditeljicu.<\/p>\n<p>Ponosni smo \u0161to smo ugostili i Nikolinu Pir\u0161ljin, dobitnicu volonterskog oskara za 2012. godinu koja<br \/>\nnas je sve osvojila svojom pozitivnom energijom.<\/p>\n<p>19. 3. 2013. u sportskoj dvorani smo odigrali ve\u0107 spomenuto finale rukometnog prvenstva (2.c \u2013<br \/>\nMre\u017eotres) a nakon toga smo se zabavljali uz Igre bez granica \u2013 natjecanja zabavnog tipa. Bilo je tu<br \/>\npotezanja konopa (nadmo\u0107na pobjeda 4.b), obaranja ruku (najja\u010di su David Koren i Nikolina Cerinski)<br \/>\nte natjecanje mje\u0161ovitih parova (najspretniji par je Kravar\/Hoi\u0107).<\/p>\n<p>Spomenimo da su nas kroz ove igre kao i kroz humanitarni sajam vrlo duhovito i simpati\u010dno vodili<br \/>\nMagdalena Borovi\u010dki i Vjeran Pezdirc koji su se odli\u010dno sna\u0161li u voditeljskoj ulozi.<\/p>\n<p>21. 3. 2013. zavr\u0161ili smo humanitarnu akciju koncertom na\u0161ih u\u010denika u kinodvorani.<\/p>\n<p>Na po\u010detku koncerta kratkim dirljivim filmom nam se predstavila udruga Crveni nosevi te nam se<br \/>\nnjihov predstavnik (klaun) obratio i uru\u010dio ravnateljici zahvalu za pomo\u0107.<\/p>\n<p>Nakon toga smo u\u017eivali pjesmi, plesu i vi\u0161e-manje \u017eestokoj svirci na\u0161ih u\u010denika. Kao gost nastupio je i<br \/>\nDino Jelusi\u0107, poznat po hitu \u201eTi si moja prva ljubav\u201c s kojim nas je (kao dje\u010dak) zastupao na Euroviziji.<br \/>\nKroz koncert nas je vodio ve\u0107 renomirani voditeljski par Svir\u010devi\u0107 \u2013 Krmek.<\/p>\n<p>U ove humanitarne dane, dok promatram anga\u017eman na\u0161ih u\u010denika, njihove talente i energiju moram<br \/>\nre\u0107i kako me preplavljuje osje\u0107aj ponosa \u0161to imamo takve u\u010denike. Mala sredina, kao \u0161to je na\u0161a<br \/>\npokazuje kako zajedno mo\u017eemo napraviti da svijet bude bolji i humaniji.<\/p>\n<p>Meri Matu\u0161an<\/p>\n<p>&nbsp;<\/p>\n<p>Prihod humanitarnih akcija ide udruzi Crveni nosevi.<\/p>\n<p><img decoding=\"async\" data-src=\"http:\/\/www.prva.hr\/images\/stories\/prva\/slike\/ozujak\/crveni%20nosevi.jpg\" width=\"500\" height=\"352\" border=\"0\" src=\"data:image\/svg+xml;base64,PHN2ZyB3aWR0aD0iMSIgaGVpZ2h0PSIxIiB4bWxucz0iaHR0cDovL3d3dy53My5vcmcvMjAwMC9zdmciPjwvc3ZnPg==\" class=\"lazyload\" style=\"--smush-placeholder-width: 500px; --smush-placeholder-aspect-ratio: 500\/352;\" \/><\/p>\n","protected":false},"excerpt":{"rendered":"<p>\u010cak 19 godina traje na\u0161a humanitarna akcija. Sa zadovoljstvom mogu re\u0107i da intenzitet akcije nije ni malo oslabio. Kroz razne aktivnosti okupio se veliki broj u\u010denika i djelatnika \u0161kole. Svi sa zajedni\u010dkim ciljem \u2013 prikupiti sredstva kojima smo ove godine pomogli udruzi Crveni nosevi. Krenimo redom! 11. 3. 2013. zapo\u010delo je rukometno prvenstvo koje je [&hellip;]<\/p>\n","protected":false},"author":1,"featured_media":0,"comment_status":"closed","ping_status":"closed","sticky":false,"template":"","format":"standard","meta":{"_et_pb_use_builder":"","_et_pb_old_content":"","_et_gb_content_width":"","footnotes":""},"categories":[9],"tags":[],"class_list":["post-695","post","type-post","status-publish","format-standard","hentry","category-arhiva"],"_links":{"self":[{"href":"https:\/\/prva.hr\/index.php\/wp-json\/wp\/v2\/posts\/695","targetHints":{"allow":["GET"]}}],"collection":[{"href":"https:\/\/prva.hr\/index.php\/wp-json\/wp\/v2\/posts"}],"about":[{"href":"https:\/\/prva.hr\/index.php\/wp-json\/wp\/v2\/types\/post"}],"author":[{"embeddable":true,"href":"https:\/\/prva.hr\/index.php\/wp-json\/wp\/v2\/users\/1"}],"replies":[{"embeddable":true,"href":"https:\/\/prva.hr\/index.php\/wp-json\/wp\/v2\/comments?post=695"}],"version-history":[{"count":1,"href":"https:\/\/prva.hr\/index.php\/wp-json\/wp\/v2\/posts\/695\/revisions"}],"predecessor-version":[{"id":696,"href":"https:\/\/prva.hr\/index.php\/wp-json\/wp\/v2\/posts\/695\/revisions\/696"}],"wp:attachment":[{"href":"https:\/\/prva.hr\/index.php\/wp-json\/wp\/v2\/media?parent=695"}],"wp:term":[{"taxonomy":"category","embeddable":true,"href":"https:\/\/prva.hr\/index.php\/wp-json\/wp\/v2\/categories?post=695"},{"taxonomy":"post_tag","embeddable":true,"href":"https:\/\/prva.hr\/index.php\/wp-json\/wp\/v2\/tags?post=695"}],"curies":[{"name":"wp","href":"https:\/\/api.w.org\/{rel}","templated":true}]}}