{"id":6964,"date":"2019-12-30T08:24:13","date_gmt":"2019-12-30T07:24:13","guid":{"rendered":"http:\/\/www.prva.hr\/?p=6964"},"modified":"2019-12-30T08:24:13","modified_gmt":"2019-12-30T07:24:13","slug":"poziv-za-organizaciju-visednevne-izvanucionicke-nastave-15-2019","status":"publish","type":"post","link":"https:\/\/prva.hr\/index.php\/2019\/12\/30\/poziv-za-organizaciju-visednevne-izvanucionicke-nastave-15-2019\/","title":{"rendered":"Poziv za organizaciju vi\u0161ednevne izvanu\u010dioni\u010dke nastave 15\/2019."},"content":{"rendered":"<p><a href=\"https:\/\/www.prva.hr\/wp-content\/uploads\/2019\/12\/Poziv-15-2019.doc\">Poziv za organizaciju vi\u0161ednevne izvanu\u010dioni\u010dke nastave 15\/2019.<\/a><\/p>\n","protected":false},"excerpt":{"rendered":"<p>Poziv za organizaciju vi\u0161ednevne izvanu\u010dioni\u010dke nastave 15\/2019.<\/p>\n","protected":false},"author":7,"featured_media":0,"comment_status":"closed","ping_status":"closed","sticky":false,"template":"","format":"standard","meta":{"_et_pb_use_builder":"","_et_pb_old_content":"","_et_gb_content_width":"","footnotes":""},"categories":[54],"tags":[],"class_list":["post-6964","post","type-post","status-publish","format-standard","hentry","category-izvanuc-nastava-pozivi"],"_links":{"self":[{"href":"https:\/\/prva.hr\/index.php\/wp-json\/wp\/v2\/posts\/6964","targetHints":{"allow":["GET"]}}],"collection":[{"href":"https:\/\/prva.hr\/index.php\/wp-json\/wp\/v2\/posts"}],"about":[{"href":"https:\/\/prva.hr\/index.php\/wp-json\/wp\/v2\/types\/post"}],"author":[{"embeddable":true,"href":"https:\/\/prva.hr\/index.php\/wp-json\/wp\/v2\/users\/7"}],"replies":[{"embeddable":true,"href":"https:\/\/prva.hr\/index.php\/wp-json\/wp\/v2\/comments?post=6964"}],"version-history":[{"count":1,"href":"https:\/\/prva.hr\/index.php\/wp-json\/wp\/v2\/posts\/6964\/revisions"}],"predecessor-version":[{"id":6966,"href":"https:\/\/prva.hr\/index.php\/wp-json\/wp\/v2\/posts\/6964\/revisions\/6966"}],"wp:attachment":[{"href":"https:\/\/prva.hr\/index.php\/wp-json\/wp\/v2\/media?parent=6964"}],"wp:term":[{"taxonomy":"category","embeddable":true,"href":"https:\/\/prva.hr\/index.php\/wp-json\/wp\/v2\/categories?post=6964"},{"taxonomy":"post_tag","embeddable":true,"href":"https:\/\/prva.hr\/index.php\/wp-json\/wp\/v2\/tags?post=6964"}],"curies":[{"name":"wp","href":"https:\/\/api.w.org\/{rel}","templated":true}]}}