{"id":6970,"date":"2019-12-20T12:24:59","date_gmt":"2019-12-20T11:24:59","guid":{"rendered":"http:\/\/www.prva.hr\/?p=6970"},"modified":"2020-03-03T09:11:15","modified_gmt":"2020-03-03T08:11:15","slug":"obiljezavanje-mjeseca-borbe-protiv-ovisnosti-15-11-15-12-2","status":"publish","type":"post","link":"https:\/\/prva.hr\/index.php\/2019\/12\/20\/obiljezavanje-mjeseca-borbe-protiv-ovisnosti-15-11-15-12-2\/","title":{"rendered":"Obilje\u017eavanje Mjeseca borbe protiv ovisnosti (15.11.-15.12.)"},"content":{"rendered":"<p>Kao i svake godine, u I. gimnaziji se obilje\u017eio Mjesec bobe protiv ovisnosti koji se svake godine u Republici Hrvatskoj obilje\u017eava u razdoblju od 15. studenog do 15. prosinca. Ove godine, osim klasi\u010dnih ovisnosti kao \u0161to su pijenje alkohola, pu\u0161enje cigareta i konzumiranja psihoaktivnih sredstava, u\u010denici su imali priliku sudjelovati u interaktivnim predavanjima koja su usmjerena na bihevioralne ovisnosti, kao \u0161to su kla\u0111enje i kockanje, ovisnost o internetu i ra\u010dunalnim igricama, hranjenju i sli\u010dno.<\/p>\n<p>S obzirom na okolnosti, obilje\u017eavanje je zapo\u010delo <strong>10. prosinca 2019.<\/strong> interaktivnim predavanjem <strong><em>\u201eTajna veza emocija i hrane\u201c<\/em><\/strong> mr.sc. Jelene Balabani\u0107 Mavrovi\u0107, voditeljice Centra za poreme\u0107aje hranjenja BEA. U navedenom predavanju sudjelovali su u\u010denici 1.c i 3.a razreda koji su imali priliku \u010duti o osnovnoj vezi izme\u0111u emocije i hrane, s osvrtom na ortoreksiju i bigoreksiju te opsjednutost ljudi raznim dijetama.<\/p>\n<p><img decoding=\"async\" class=\"size-medium wp-image-6971 aligncenter lazyload\" data-src=\"https:\/\/www.prva.hr\/wp-content\/uploads\/2020\/01\/IMG_20191210_080246-300x225.jpg\" alt=\"\" width=\"300\" height=\"225\" src=\"data:image\/svg+xml;base64,PHN2ZyB3aWR0aD0iMSIgaGVpZ2h0PSIxIiB4bWxucz0iaHR0cDovL3d3dy53My5vcmcvMjAwMC9zdmciPjwvc3ZnPg==\" style=\"--smush-placeholder-width: 300px; --smush-placeholder-aspect-ratio: 300\/225;\" \/><\/p>\n<p>&nbsp;<\/p>\n<p>Dana <strong>11. prosinca 2019.<\/strong> u jutarnjem terminu za u\u010denike 2.d i 2.e razreda odr\u017eana je tribina <strong><em>\u201eOvisni\u010dko pona\u0161anje mladih\u201c<\/em><\/strong> Hrvatskog zavoda za javno zdravstvo koju je vodila mr.sc. Lucija Sablji\u0107, socijalna pedagoginja zaposlena u Slu\u017ebi za mentalno zdravlje i prevenciju ovisnosti. U\u010denici su aktivno sudjelovali te raspravljali o raznim ovisnostima, kao \u0161to su konzumiranje alkohola, cigareta i droga, ali i ovisnosti o ra\u010dunalnim igricama, internetu, kla\u0111enju i mladena\u010dkim vezama.<\/p>\n<p>&nbsp;<\/p>\n<p><img decoding=\"async\" class=\"size-medium wp-image-6972 aligncenter lazyload\" data-src=\"https:\/\/www.prva.hr\/wp-content\/uploads\/2020\/01\/IMG_20191211_080400-300x225.jpg\" alt=\"\" width=\"300\" height=\"225\" src=\"data:image\/svg+xml;base64,PHN2ZyB3aWR0aD0iMSIgaGVpZ2h0PSIxIiB4bWxucz0iaHR0cDovL3d3dy53My5vcmcvMjAwMC9zdmciPjwvc3ZnPg==\" style=\"--smush-placeholder-width: 300px; --smush-placeholder-aspect-ratio: 300\/225;\" \/><\/p>\n<p>&nbsp;<\/p>\n<p>Istoga dana u popodnevnom terminu u\u010denici 1.a, 1.b, 1.e i 2.a imali su priliku prisustvovati kazali\u0161noj <strong>predstavi <em>\u201e#Generacija\u201c<\/em><\/strong> u izvedbi kazali\u0161ta Tirena. Predstava se\u00a0 bavi utjecajem tehnologije na odrastanje te kvalitetu i na\u010din \u017eivota. Promatra se stvarnost u kojoj je ljudska interakcija u\u017eivo sve rje\u0111a. Kroz pri\u010du je prisutna Iskra, djevojka koja ve\u0107inu vremena provodi online. Postavlja se pitanje kako svijet bezbrojnih opcija, u kojem su mladi sve manje u dodiru s fizi\u010dkom stvarno\u0161\u0107u, utje\u010de na pojedinca i kako se u tom svijetu nositi s emocijama.<\/p>\n<p>&nbsp;<\/p>\n<p><img decoding=\"async\" class=\"size-medium wp-image-6973 aligncenter lazyload\" data-src=\"https:\/\/www.prva.hr\/wp-content\/uploads\/2020\/01\/IMG_20191211_132144-300x225.jpg\" alt=\"\" width=\"300\" height=\"225\" src=\"data:image\/svg+xml;base64,PHN2ZyB3aWR0aD0iMSIgaGVpZ2h0PSIxIiB4bWxucz0iaHR0cDovL3d3dy53My5vcmcvMjAwMC9zdmciPjwvc3ZnPg==\" style=\"--smush-placeholder-width: 300px; --smush-placeholder-aspect-ratio: 300\/225;\" \/><\/p>\n<p>&nbsp;<\/p>\n<p>Idu\u0107eg dana, <strong>12. prosinca 2019<\/strong>. odr\u017eano je jo\u0161 jedno interaktivno predavanje <strong><em>\u201eOvisnost o internetu \u2013 istina ili mit\u201c<\/em><\/strong> koje su odr\u017eale socijalne pedagoginje Sabina Mandi\u0107, mag. i Sanja Radi\u0107 Bursa\u0107, prof. s Edukacijsko-rehabilitacijskog fakulteta. Tijekom predavanja u\u010denici su imali priliku porazgovarati o kojim to\u010dno sve pona\u0161anjima mo\u017eemo biti ovisni stavljaju\u0107i naglasak na ovisnost o internetu koje je danas u velikom porastu kod mladih, \u0161to ka\u017ee statistika o tome te \u0161to je sve nasilje preko internete i kako se za\u0161tititi od toga.<\/p>\n<p>&nbsp;<\/p>\n<p><img decoding=\"async\" class=\"size-medium wp-image-6974 aligncenter lazyload\" data-src=\"https:\/\/www.prva.hr\/wp-content\/uploads\/2020\/01\/IMG_20191212_132217-300x225.jpg\" alt=\"\" width=\"300\" height=\"225\" src=\"data:image\/svg+xml;base64,PHN2ZyB3aWR0aD0iMSIgaGVpZ2h0PSIxIiB4bWxucz0iaHR0cDovL3d3dy53My5vcmcvMjAwMC9zdmciPjwvc3ZnPg==\" style=\"--smush-placeholder-width: 300px; --smush-placeholder-aspect-ratio: 300\/225;\" \/><\/p>\n<p>&nbsp;<\/p>\n<p>Za kraj obilje\u017eavanja, <strong>13. prosinca 2019<\/strong>. maturanti su sudjelovali u parlaonici na temu <strong><em>\u201eLegalizacija i dekriminalizacija lakih droga\u201c<\/em><\/strong>. U\u010denici su podijeljeni u dvije grupe, afirmacijsku i negacijsku, progovarali o razlozima za i protiv legalizacije i dekriminalizacije lakih droga. Tijekom svojih izlaganja oslanjali su se na razne \u010dinjenice koje znaju o \u201elakim drogama\u201c te su iznosili podatke o broju zastupljenosti i konzumaciji takvih droga me\u0111u mladima u Hrvatskoj i svijetu.<\/p>\n<p>&nbsp;<\/p>\n<p><img decoding=\"async\" class=\"size-medium wp-image-6975 aligncenter lazyload\" data-src=\"https:\/\/www.prva.hr\/wp-content\/uploads\/2020\/01\/IMG_20191213_132450-300x225.jpg\" alt=\"\" width=\"300\" height=\"225\" src=\"data:image\/svg+xml;base64,PHN2ZyB3aWR0aD0iMSIgaGVpZ2h0PSIxIiB4bWxucz0iaHR0cDovL3d3dy53My5vcmcvMjAwMC9zdmciPjwvc3ZnPg==\" style=\"--smush-placeholder-width: 300px; --smush-placeholder-aspect-ratio: 300\/225;\" \/><\/p>\n<p>&nbsp;<\/p>\n","protected":false},"excerpt":{"rendered":"<p>Kao i svake godine, u I. gimnaziji se obilje\u017eio Mjesec bobe protiv ovisnosti koji se svake godine u Republici Hrvatskoj obilje\u017eava u razdoblju od 15. studenog do 15. prosinca. Ove godine, osim klasi\u010dnih ovisnosti kao \u0161to su pijenje alkohola, pu\u0161enje cigareta i konzumiranja psihoaktivnih sredstava, u\u010denici su imali priliku sudjelovati u interaktivnim predavanjima koja su [&hellip;]<\/p>\n","protected":false},"author":7,"featured_media":6688,"comment_status":"closed","ping_status":"closed","sticky":false,"template":"","format":"standard","meta":{"_et_pb_use_builder":"","_et_pb_old_content":"","_et_gb_content_width":"","footnotes":""},"categories":[6,13],"tags":[],"class_list":["post-6970","post","type-post","status-publish","format-standard","has-post-thumbnail","hentry","category-aktualna-dogadanja","category-preventivni-program"],"_links":{"self":[{"href":"https:\/\/prva.hr\/index.php\/wp-json\/wp\/v2\/posts\/6970","targetHints":{"allow":["GET"]}}],"collection":[{"href":"https:\/\/prva.hr\/index.php\/wp-json\/wp\/v2\/posts"}],"about":[{"href":"https:\/\/prva.hr\/index.php\/wp-json\/wp\/v2\/types\/post"}],"author":[{"embeddable":true,"href":"https:\/\/prva.hr\/index.php\/wp-json\/wp\/v2\/users\/7"}],"replies":[{"embeddable":true,"href":"https:\/\/prva.hr\/index.php\/wp-json\/wp\/v2\/comments?post=6970"}],"version-history":[{"count":2,"href":"https:\/\/prva.hr\/index.php\/wp-json\/wp\/v2\/posts\/6970\/revisions"}],"predecessor-version":[{"id":6977,"href":"https:\/\/prva.hr\/index.php\/wp-json\/wp\/v2\/posts\/6970\/revisions\/6977"}],"wp:featuredmedia":[{"embeddable":true,"href":"https:\/\/prva.hr\/index.php\/wp-json\/wp\/v2\/media\/6688"}],"wp:attachment":[{"href":"https:\/\/prva.hr\/index.php\/wp-json\/wp\/v2\/media?parent=6970"}],"wp:term":[{"taxonomy":"category","embeddable":true,"href":"https:\/\/prva.hr\/index.php\/wp-json\/wp\/v2\/categories?post=6970"},{"taxonomy":"post_tag","embeddable":true,"href":"https:\/\/prva.hr\/index.php\/wp-json\/wp\/v2\/tags?post=6970"}],"curies":[{"name":"wp","href":"https:\/\/api.w.org\/{rel}","templated":true}]}}