{"id":7045,"date":"2020-01-21T08:09:16","date_gmt":"2020-01-21T07:09:16","guid":{"rendered":"http:\/\/www.prva.hr\/?p=7045"},"modified":"2020-01-21T08:09:16","modified_gmt":"2020-01-21T07:09:16","slug":"srednjoskolsko-plivacko-natjecanje-5-12-2019","status":"publish","type":"post","link":"https:\/\/prva.hr\/index.php\/2020\/01\/21\/srednjoskolsko-plivacko-natjecanje-5-12-2019\/","title":{"rendered":"Srednjo\u0161kolsko pliva\u010dko natjecanje 5. 12. 2019."},"content":{"rendered":"<p>Ovogodi\u0161nje pliva\u010dko natjecanje srednjih \u0161kola do\u017eivjelo je velike promjene u propozicijama. Zbog \u010dinjenice da \u0107e, po prvi puta biti odr\u017eano natjecanje na dr\u017eavnoj razini smanjen je broj pliva\u010da u ekipama i natjecanje je bilo mje\u0161ovito \u2013 ekipe su brojile 4 pliva\u010dice i 4 pliva\u010da.<\/p>\n<p>Ve\u0107 je poznato da je Prva pravi rasadnik pliva\u010da stoga smo sastavili mo\u0107nu ekipu za natjecanje: Paula Marinkovi\u0107, Klara Mili\u010di\u0107, Stela Krajnik, Magdalena Star\u010devi\u0107, Lovro Duman\u010di\u0107, Leon Pollak, Marin Vrdoljak i Patrik Landeka.<\/p>\n<p>I zaista su na\u0161i pliva\u010di pokazali svu rasko\u0161 svog talenta. Na kraju samo nekoliko bodova nas je dijelilo od postolja. Zauzeli smo nepopularno \u010detvrto mjesto, ali jedno je sigurno \u2013 na\u0161e vrijeme tek dolazi! Bravo za na\u0161e vrijedne sporta\u0161e!<\/p>\n<p>&nbsp;<\/p>\n<p style=\"text-align: right;\">Meri Matu\u0161an, prof.<\/p>\n<p>&nbsp;<\/p>\n<p><img decoding=\"async\" class=\"alignnone size-medium wp-image-7048 aligncenter lazyload\" data-src=\"https:\/\/www.prva.hr\/wp-content\/uploads\/2020\/01\/plivacka-reprezentacija-1-300x225.jpg\" alt=\"\" width=\"300\" height=\"225\" src=\"data:image\/svg+xml;base64,PHN2ZyB3aWR0aD0iMSIgaGVpZ2h0PSIxIiB4bWxucz0iaHR0cDovL3d3dy53My5vcmcvMjAwMC9zdmciPjwvc3ZnPg==\" style=\"--smush-placeholder-width: 300px; --smush-placeholder-aspect-ratio: 300\/225;\" \/><\/p>\n","protected":false},"excerpt":{"rendered":"<p>Ovogodi\u0161nje pliva\u010dko natjecanje srednjih \u0161kola do\u017eivjelo je velike promjene u propozicijama. Zbog \u010dinjenice da \u0107e, po prvi puta biti odr\u017eano natjecanje na dr\u017eavnoj razini smanjen je broj pliva\u010da u ekipama i natjecanje je bilo mje\u0161ovito \u2013 ekipe su brojile 4 pliva\u010dice i 4 pliva\u010da. Ve\u0107 je poznato da je Prva pravi rasadnik pliva\u010da stoga smo [&hellip;]<\/p>\n","protected":false},"author":7,"featured_media":0,"comment_status":"closed","ping_status":"closed","sticky":false,"template":"","format":"standard","meta":{"_et_pb_use_builder":"","_et_pb_old_content":"","_et_gb_content_width":"","footnotes":""},"categories":[6],"tags":[],"class_list":["post-7045","post","type-post","status-publish","format-standard","hentry","category-aktualna-dogadanja"],"_links":{"self":[{"href":"https:\/\/prva.hr\/index.php\/wp-json\/wp\/v2\/posts\/7045","targetHints":{"allow":["GET"]}}],"collection":[{"href":"https:\/\/prva.hr\/index.php\/wp-json\/wp\/v2\/posts"}],"about":[{"href":"https:\/\/prva.hr\/index.php\/wp-json\/wp\/v2\/types\/post"}],"author":[{"embeddable":true,"href":"https:\/\/prva.hr\/index.php\/wp-json\/wp\/v2\/users\/7"}],"replies":[{"embeddable":true,"href":"https:\/\/prva.hr\/index.php\/wp-json\/wp\/v2\/comments?post=7045"}],"version-history":[{"count":1,"href":"https:\/\/prva.hr\/index.php\/wp-json\/wp\/v2\/posts\/7045\/revisions"}],"predecessor-version":[{"id":7049,"href":"https:\/\/prva.hr\/index.php\/wp-json\/wp\/v2\/posts\/7045\/revisions\/7049"}],"wp:attachment":[{"href":"https:\/\/prva.hr\/index.php\/wp-json\/wp\/v2\/media?parent=7045"}],"wp:term":[{"taxonomy":"category","embeddable":true,"href":"https:\/\/prva.hr\/index.php\/wp-json\/wp\/v2\/categories?post=7045"},{"taxonomy":"post_tag","embeddable":true,"href":"https:\/\/prva.hr\/index.php\/wp-json\/wp\/v2\/tags?post=7045"}],"curies":[{"name":"wp","href":"https:\/\/api.w.org\/{rel}","templated":true}]}}