{"id":7148,"date":"2020-02-03T14:15:42","date_gmt":"2020-02-03T13:15:42","guid":{"rendered":"http:\/\/www.prva.hr\/?p=7148"},"modified":"2020-02-03T14:16:39","modified_gmt":"2020-02-03T13:16:39","slug":"projekt-sinergija","status":"publish","type":"post","link":"https:\/\/prva.hr\/index.php\/2020\/02\/03\/projekt-sinergija\/","title":{"rendered":"Projekt Sinergija"},"content":{"rendered":"<p>Projekt Sinergija u I. gimnaziji provodi se u sklopu fakultativnog predmeta Poduzetni\u0161tvo u suradnji s udrugom Sunce, a teme koje se obra\u0111uju kroz predavanja vezane su uz odr\u017eivi razvoj i poduzetni\u0161tvo, dru\u0161tveno odgovorno poduzetni\u0161tvo i sli\u010dno.<\/p>\n<p>Maria Tomi\u0107 Preiner, dipl. psihologinja i dipl. socijalna radnica napisala je zanimljiv \u010dlanak o iskori\u0161tavanju dje\u010djeg rada koji je nastao u sklopu projekta a kojeg u cijelosti mo\u017eete pro\u010ditati <a href=\"https:\/\/www.prva.hr\/wp-content\/uploads\/2020\/02\/Iskorist-dj.rada_clanak_1.gimn_..docx\" target=\"_blank\" rel=\"noopener\">ovdje<\/a>.<\/p>\n","protected":false},"excerpt":{"rendered":"<p>Projekt Sinergija u I. gimnaziji provodi se u sklopu fakultativnog predmeta Poduzetni\u0161tvo u suradnji s udrugom Sunce, a teme koje se obra\u0111uju kroz predavanja vezane su uz odr\u017eivi razvoj i poduzetni\u0161tvo, dru\u0161tveno odgovorno poduzetni\u0161tvo i sli\u010dno. Maria Tomi\u0107 Preiner, dipl. psihologinja i dipl. socijalna radnica napisala je zanimljiv \u010dlanak o iskori\u0161tavanju dje\u010djeg rada koji je [&hellip;]<\/p>\n","protected":false},"author":7,"featured_media":0,"comment_status":"closed","ping_status":"closed","sticky":false,"template":"","format":"standard","meta":{"_et_pb_use_builder":"","_et_pb_old_content":"","_et_gb_content_width":"","footnotes":""},"categories":[70],"tags":[],"class_list":["post-7148","post","type-post","status-publish","format-standard","hentry","category-aktivnosti-projekti-ostali-projekti"],"_links":{"self":[{"href":"https:\/\/prva.hr\/index.php\/wp-json\/wp\/v2\/posts\/7148","targetHints":{"allow":["GET"]}}],"collection":[{"href":"https:\/\/prva.hr\/index.php\/wp-json\/wp\/v2\/posts"}],"about":[{"href":"https:\/\/prva.hr\/index.php\/wp-json\/wp\/v2\/types\/post"}],"author":[{"embeddable":true,"href":"https:\/\/prva.hr\/index.php\/wp-json\/wp\/v2\/users\/7"}],"replies":[{"embeddable":true,"href":"https:\/\/prva.hr\/index.php\/wp-json\/wp\/v2\/comments?post=7148"}],"version-history":[{"count":2,"href":"https:\/\/prva.hr\/index.php\/wp-json\/wp\/v2\/posts\/7148\/revisions"}],"predecessor-version":[{"id":7151,"href":"https:\/\/prva.hr\/index.php\/wp-json\/wp\/v2\/posts\/7148\/revisions\/7151"}],"wp:attachment":[{"href":"https:\/\/prva.hr\/index.php\/wp-json\/wp\/v2\/media?parent=7148"}],"wp:term":[{"taxonomy":"category","embeddable":true,"href":"https:\/\/prva.hr\/index.php\/wp-json\/wp\/v2\/categories?post=7148"},{"taxonomy":"post_tag","embeddable":true,"href":"https:\/\/prva.hr\/index.php\/wp-json\/wp\/v2\/tags?post=7148"}],"curies":[{"name":"wp","href":"https:\/\/api.w.org\/{rel}","templated":true}]}}