{"id":725,"date":"2013-05-09T11:28:18","date_gmt":"2013-05-09T09:28:18","guid":{"rendered":"http:\/\/www2.prva.hr\/?p=725"},"modified":"2017-08-06T11:28:37","modified_gmt":"2017-08-06T09:28:37","slug":"drzavno-natjecanje-iz-hrvatskog-jezika","status":"publish","type":"post","link":"https:\/\/prva.hr\/index.php\/2013\/05\/09\/drzavno-natjecanje-iz-hrvatskog-jezika\/","title":{"rendered":"Dr\u017eavno natjecanje iz hrvatskog jezika"},"content":{"rendered":"<p>Na dr\u017eavnom natjecanju iz hrvatskog jezika pod vodstvom mentorice, profesorice \u0160obar, u\u010denici na\u0161e \u0161kole osvojili su :<\/p>\n<p>5. mjesto: Ante Petrovi\u0107, 1.e<\/p>\n<p>7. mjesto: Ana Jurelinac, 3.e<\/p>\n<p>\u010cestitamo na\u0161im u\u010denicima!<\/p>\n","protected":false},"excerpt":{"rendered":"<p>Na dr\u017eavnom natjecanju iz hrvatskog jezika pod vodstvom mentorice, profesorice \u0160obar, u\u010denici na\u0161e \u0161kole osvojili su : 5. mjesto: Ante Petrovi\u0107, 1.e 7. mjesto: Ana Jurelinac, 3.e \u010cestitamo na\u0161im u\u010denicima!<\/p>\n","protected":false},"author":1,"featured_media":0,"comment_status":"closed","ping_status":"closed","sticky":false,"template":"","format":"standard","meta":{"_et_pb_use_builder":"","_et_pb_old_content":"","_et_gb_content_width":"","footnotes":""},"categories":[9],"tags":[],"class_list":["post-725","post","type-post","status-publish","format-standard","hentry","category-arhiva"],"_links":{"self":[{"href":"https:\/\/prva.hr\/index.php\/wp-json\/wp\/v2\/posts\/725","targetHints":{"allow":["GET"]}}],"collection":[{"href":"https:\/\/prva.hr\/index.php\/wp-json\/wp\/v2\/posts"}],"about":[{"href":"https:\/\/prva.hr\/index.php\/wp-json\/wp\/v2\/types\/post"}],"author":[{"embeddable":true,"href":"https:\/\/prva.hr\/index.php\/wp-json\/wp\/v2\/users\/1"}],"replies":[{"embeddable":true,"href":"https:\/\/prva.hr\/index.php\/wp-json\/wp\/v2\/comments?post=725"}],"version-history":[{"count":1,"href":"https:\/\/prva.hr\/index.php\/wp-json\/wp\/v2\/posts\/725\/revisions"}],"predecessor-version":[{"id":726,"href":"https:\/\/prva.hr\/index.php\/wp-json\/wp\/v2\/posts\/725\/revisions\/726"}],"wp:attachment":[{"href":"https:\/\/prva.hr\/index.php\/wp-json\/wp\/v2\/media?parent=725"}],"wp:term":[{"taxonomy":"category","embeddable":true,"href":"https:\/\/prva.hr\/index.php\/wp-json\/wp\/v2\/categories?post=725"},{"taxonomy":"post_tag","embeddable":true,"href":"https:\/\/prva.hr\/index.php\/wp-json\/wp\/v2\/tags?post=725"}],"curies":[{"name":"wp","href":"https:\/\/api.w.org\/{rel}","templated":true}]}}