{"id":731,"date":"2013-05-22T11:30:45","date_gmt":"2013-05-22T09:30:45","guid":{"rendered":"http:\/\/www2.prva.hr\/?p=731"},"modified":"2017-08-06T11:31:08","modified_gmt":"2017-08-06T09:31:08","slug":"ucenici-nase-skole-u-ekolosko-humanitarnoj-akciji-u-parku-prirode-zumberak-samoborsko-gorje","status":"publish","type":"post","link":"https:\/\/prva.hr\/index.php\/2013\/05\/22\/ucenici-nase-skole-u-ekolosko-humanitarnoj-akciji-u-parku-prirode-zumberak-samoborsko-gorje\/","title":{"rendered":"U\u010denici na\u0161e \u0161kole u ekolo\u0161ko-humanitarnoj akciji u Parku prirode \u017dumberak &#8211; Samoborsko gorje"},"content":{"rendered":"<p>Na\u0161i doma\u0107ini, djelatnici Javne ustanove, srda\u010dno su nas do\u010dekali u Budinjaku te sve priredili za po\u010detak na\u0161e akcije. Budu\u0107i da je na\u0161a \u201eekipa\u201c brojala 23 u\u010denika, 5 profesora i djelatnika \u0161kole te 2 pridru\u017eena \u010dlana, strate\u0161ki smo rasporedili snage na ve\u0107 unaprijed pripremljene lokacije.<\/p>\n<p><img decoding=\"async\" data-src=\"http:\/\/www.prva.hr\/images\/stories\/prva\/zumberak%2005mj13-1.jpg\" width=\"267\" height=\"202\" border=\"0\" src=\"data:image\/svg+xml;base64,PHN2ZyB3aWR0aD0iMSIgaGVpZ2h0PSIxIiB4bWxucz0iaHR0cDovL3d3dy53My5vcmcvMjAwMC9zdmciPjwvc3ZnPg==\" class=\"lazyload\" style=\"--smush-placeholder-width: 267px; --smush-placeholder-aspect-ratio: 267\/202;\" \/> <img decoding=\"async\" data-src=\"http:\/\/www.prva.hr\/images\/stories\/prva\/zumberak05mj13-2.jpg\" width=\"272\" height=\"200\" border=\"0\" src=\"data:image\/svg+xml;base64,PHN2ZyB3aWR0aD0iMSIgaGVpZ2h0PSIxIiB4bWxucz0iaHR0cDovL3d3dy53My5vcmcvMjAwMC9zdmciPjwvc3ZnPg==\" class=\"lazyload\" style=\"--smush-placeholder-width: 272px; --smush-placeholder-aspect-ratio: 272\/200;\" \/> <img decoding=\"async\" data-src=\"http:\/\/www.prva.hr\/images\/stories\/prva\/zumberak05mj13-3.jpg\" width=\"267\" height=\"200\" border=\"0\" src=\"data:image\/svg+xml;base64,PHN2ZyB3aWR0aD0iMSIgaGVpZ2h0PSIxIiB4bWxucz0iaHR0cDovL3d3dy53My5vcmcvMjAwMC9zdmciPjwvc3ZnPg==\" class=\"lazyload\" style=\"--smush-placeholder-width: 267px; --smush-placeholder-aspect-ratio: 267\/200;\" \/> <img decoding=\"async\" data-src=\"http:\/\/www.prva.hr\/images\/stories\/prva\/zumberak05mj13-4.jpg\" width=\"269\" height=\"200\" border=\"0\" src=\"data:image\/svg+xml;base64,PHN2ZyB3aWR0aD0iMSIgaGVpZ2h0PSIxIiB4bWxucz0iaHR0cDovL3d3dy53My5vcmcvMjAwMC9zdmciPjwvc3ZnPg==\" class=\"lazyload\" style=\"--smush-placeholder-width: 269px; --smush-placeholder-aspect-ratio: 269\/200;\" \/><\/p>\n<p>Oni s najboljom obu\u0107om za teren dobili su zadatak o\u010distiti izvor i jednu lokvu, a oni s najmanje otpornom obu\u0107om sadili su cvije\u0107e oko eko-centra. Dvije skupine su po\u010distile i raskr\u010dile dijelove pou\u010dne staze, a jedna skupina je skupljala tek poko\u0161enu travu oko samog eko-centra. Nakon dva sata rada i dru\u017eenja s motikama, grabljama, vilama, ta\u010dkama okupili smo se na zaslu\u017eenom predahu te pojeli ru\u010dak iz torbe.<\/p>\n<p><img decoding=\"async\" data-src=\"http:\/\/www.prva.hr\/images\/stories\/prva\/zumbrak05mj13%20-%205.jpg\" width=\"270\" height=\"202\" border=\"0\" src=\"data:image\/svg+xml;base64,PHN2ZyB3aWR0aD0iMSIgaGVpZ2h0PSIxIiB4bWxucz0iaHR0cDovL3d3dy53My5vcmcvMjAwMC9zdmciPjwvc3ZnPg==\" class=\"lazyload\" style=\"--smush-placeholder-width: 270px; --smush-placeholder-aspect-ratio: 270\/202;\" \/> <img decoding=\"async\" data-src=\"http:\/\/www.prva.hr\/images\/stories\/prva\/zumbarak%2005mj13-6.jpg\" width=\"270\" height=\"202\" border=\"0\" src=\"data:image\/svg+xml;base64,PHN2ZyB3aWR0aD0iMSIgaGVpZ2h0PSIxIiB4bWxucz0iaHR0cDovL3d3dy53My5vcmcvMjAwMC9zdmciPjwvc3ZnPg==\" class=\"lazyload\" style=\"--smush-placeholder-width: 270px; --smush-placeholder-aspect-ratio: 270\/202;\" \/><\/p>\n<p>Prof. Pavli\u0107 \u0160epat i ja nismo gubile vrijeme ve\u0107 smo dogovorile okosnicu na\u0161eg idu\u0107eg posjeta Parku te ekskluzivno najavljujem vrlo zanimljivu akciju sljede\u0107e \u0161kolske godine. Nakon odmora, na\u0161i ljubazni doma\u0107ini organizirali su nam obilazak pou\u010dne \u201eStaze kne\u017eeva\u201c tijekom kojeg smo saznali puno zanimljivih informacija i pritom puno toga ponovili i nau\u010dili. Zadovoljni obavljenim, obavili smo zajedni\u010dko fotografiranje te se pozdravili s na\u0161im doma\u0107inima.<\/p>\n<p><img decoding=\"async\" data-src=\"http:\/\/www.prva.hr\/images\/stories\/prva\/zumberak05mj13-7.jpg\" width=\"269\" height=\"201\" border=\"0\" src=\"data:image\/svg+xml;base64,PHN2ZyB3aWR0aD0iMSIgaGVpZ2h0PSIxIiB4bWxucz0iaHR0cDovL3d3dy53My5vcmcvMjAwMC9zdmciPjwvc3ZnPg==\" class=\"lazyload\" style=\"--smush-placeholder-width: 269px; --smush-placeholder-aspect-ratio: 269\/201;\" \/> <img decoding=\"async\" data-src=\"http:\/\/www.prva.hr\/images\/stories\/prva\/zumberak05mj13-08.jpg\" width=\"266\" height=\"198\" border=\"0\" src=\"data:image\/svg+xml;base64,PHN2ZyB3aWR0aD0iMSIgaGVpZ2h0PSIxIiB4bWxucz0iaHR0cDovL3d3dy53My5vcmcvMjAwMC9zdmciPjwvc3ZnPg==\" class=\"lazyload\" style=\"--smush-placeholder-width: 266px; --smush-placeholder-aspect-ratio: 266\/198;\" \/><\/p>\n<p>Na povratku u Zagreb prebirali smo po lijepim dojmovima, umorni, ali zadovoljni u\u010dinjenim. \u017delim se jo\u0161 jednom zahvaliti na pomo\u0107i oko organizacije i iznimnom gostoprimstvu djelatnicima Javne ustanove Park prirode \u017dumberak \u2013 Samoborsko gorje i poru\u010diti da se ve\u0107 sada veselimo idu\u0107oj akciji. Zahvaljujem i kolegama profesorima koji su svojim sudjelovanjem i radom doprinijeli na\u0161oj akciji: Snje\u017eani Pavli\u0107 \u0160epat, Teuti Ismaili, Ivani Grabar i Donatu Mathu.<\/p>\n<p><img decoding=\"async\" data-src=\"http:\/\/www.prva.hr\/images\/stories\/prva\/zumberak05mj13-9.jpg\" width=\"270\" height=\"202\" border=\"0\" src=\"data:image\/svg+xml;base64,PHN2ZyB3aWR0aD0iMSIgaGVpZ2h0PSIxIiB4bWxucz0iaHR0cDovL3d3dy53My5vcmcvMjAwMC9zdmciPjwvc3ZnPg==\" class=\"lazyload\" style=\"--smush-placeholder-width: 270px; --smush-placeholder-aspect-ratio: 270\/202;\" \/> <img decoding=\"async\" data-src=\"http:\/\/www.prva.hr\/images\/stories\/prva\/zumberak05mj13-10.jpg\" width=\"270\" height=\"202\" border=\"0\" src=\"data:image\/svg+xml;base64,PHN2ZyB3aWR0aD0iMSIgaGVpZ2h0PSIxIiB4bWxucz0iaHR0cDovL3d3dy53My5vcmcvMjAwMC9zdmciPjwvc3ZnPg==\" class=\"lazyload\" style=\"--smush-placeholder-width: 270px; --smush-placeholder-aspect-ratio: 270\/202;\" \/><\/p>\n<p>Zahvaljujem se na sudjelovanju i na\u0161oj gospo\u0111i Jeleni iz ra\u010dunovodstva. Zahvaljujem se svim u\u010denicima koji su sudjelovali u akciji te jo\u0161 jednom, na izuzetan na\u010din, predstavili na\u0161u \u0161kolu. Ovom smo akcijom ponovo pokazali da imamo veliko srce i da smo spremni volontirati. Pozivam sve da nam se pridru\u017ee ve\u0107 u idu\u0107oj akciji i okuse taj odli\u010dan osje\u0107aj kada se \u010dini ne\u0161to dobro.<\/p>\n<p><strong>Goranka Markovi\u0107, prof.geografije<\/strong><\/p>\n","protected":false},"excerpt":{"rendered":"<p>Na\u0161i doma\u0107ini, djelatnici Javne ustanove, srda\u010dno su nas do\u010dekali u Budinjaku te sve priredili za po\u010detak na\u0161e akcije. Budu\u0107i da je na\u0161a \u201eekipa\u201c brojala 23 u\u010denika, 5 profesora i djelatnika \u0161kole te 2 pridru\u017eena \u010dlana, strate\u0161ki smo rasporedili snage na ve\u0107 unaprijed pripremljene lokacije. Oni s najboljom obu\u0107om za teren dobili su zadatak o\u010distiti izvor [&hellip;]<\/p>\n","protected":false},"author":1,"featured_media":0,"comment_status":"closed","ping_status":"closed","sticky":false,"template":"","format":"standard","meta":{"_et_pb_use_builder":"","_et_pb_old_content":"","_et_gb_content_width":"","footnotes":""},"categories":[9],"tags":[],"class_list":["post-731","post","type-post","status-publish","format-standard","hentry","category-arhiva"],"_links":{"self":[{"href":"https:\/\/prva.hr\/index.php\/wp-json\/wp\/v2\/posts\/731","targetHints":{"allow":["GET"]}}],"collection":[{"href":"https:\/\/prva.hr\/index.php\/wp-json\/wp\/v2\/posts"}],"about":[{"href":"https:\/\/prva.hr\/index.php\/wp-json\/wp\/v2\/types\/post"}],"author":[{"embeddable":true,"href":"https:\/\/prva.hr\/index.php\/wp-json\/wp\/v2\/users\/1"}],"replies":[{"embeddable":true,"href":"https:\/\/prva.hr\/index.php\/wp-json\/wp\/v2\/comments?post=731"}],"version-history":[{"count":1,"href":"https:\/\/prva.hr\/index.php\/wp-json\/wp\/v2\/posts\/731\/revisions"}],"predecessor-version":[{"id":732,"href":"https:\/\/prva.hr\/index.php\/wp-json\/wp\/v2\/posts\/731\/revisions\/732"}],"wp:attachment":[{"href":"https:\/\/prva.hr\/index.php\/wp-json\/wp\/v2\/media?parent=731"}],"wp:term":[{"taxonomy":"category","embeddable":true,"href":"https:\/\/prva.hr\/index.php\/wp-json\/wp\/v2\/categories?post=731"},{"taxonomy":"post_tag","embeddable":true,"href":"https:\/\/prva.hr\/index.php\/wp-json\/wp\/v2\/tags?post=731"}],"curies":[{"name":"wp","href":"https:\/\/api.w.org\/{rel}","templated":true}]}}