{"id":739,"date":"2013-05-28T11:33:53","date_gmt":"2013-05-28T09:33:53","guid":{"rendered":"http:\/\/www2.prva.hr\/?p=739"},"modified":"2017-08-06T11:34:36","modified_gmt":"2017-08-06T09:34:36","slug":"uspjeh-nase-ucenice-na-medunarodnom-natjecanju-u-francuskoj","status":"publish","type":"post","link":"https:\/\/prva.hr\/index.php\/2013\/05\/28\/uspjeh-nase-ucenice-na-medunarodnom-natjecanju-u-francuskoj\/","title":{"rendered":"Uspjeh na\u0161e u\u010denice na me\u0111unarodnom natjecanju u Francuskoj!"},"content":{"rendered":"<p>U\u010denica Barbara Kalebi\u0107 (4.d) sudjelovala je na me\u0111unarodnom natjecanju Les mots pour le voir koji ima za cilj potaknuti kreativno pisanje u\u010denika.<\/p>\n<p>Natjecanje se odnosi na mladu frankofonu publiku u dobi od 13 do 20 godina ovisno o kategoriji i ono se u cijelosti odvija internetom. Sudionicima natjecanja ponu\u0111en je niz djela svjetske umjetni\u010dke ba\u0161tine od kojih oni trebaju izabrati jedno djelo koje \u0107e biti inspiracija njihovu pisanju. Barbara je napisala krasan sastavak i njen je tekst uvr\u0161ten u 48 odabranih najboljih tekstova od 964 pristiglih! Barbara je pozvana na dodjelu nagrada 7. lipnja u grad Bourges u Francuskoj, ali na\u017ealost zbog obaveza na maturi ne mo\u017ee prihvatiti poziv.<\/p>\n<p>\u010cestitamo u\u010denici na ovom iznimnom uspjehu!<\/p>\n<p>Barbarin \u010dlanak mo\u017eete pro\u010ditati na ovom linku:<\/p>\n<p><a href=\"http:\/\/www.imageimaginaire.com\/imageimaginaire\/menu_ii.php?gsite=imageimaginaire&amp;fs=1&amp;site=&amp;id_user=0\">http:\/\/www.imageimaginaire.com\/imageimaginaire\/menu_ii.php?gsite=imageimaginaire&amp;fs=1&amp;site=&amp;id_user=0<\/a><\/p>\n<p>Nema direknog linka na \u010dlanak tako da je potrebno kliknuti na:<\/p>\n<ul>\n<li><em>le concours, <\/em><\/li>\n<li>zatim na <em>les nomin\u00e9s<\/em>,<\/li>\n<li>zatim na <em>fran\u00e7ais langue \u00e9trang\u00e8re<\/em> ,<\/li>\n<li>nakon toga na slovo <em>K <\/em> i<\/li>\n<li>na kraju kliknite na Barbarino ime i prezime.<\/li>\n<\/ul>\n<p>Vrijedi truda!<\/p>\n","protected":false},"excerpt":{"rendered":"<p>U\u010denica Barbara Kalebi\u0107 (4.d) sudjelovala je na me\u0111unarodnom natjecanju Les mots pour le voir koji ima za cilj potaknuti kreativno pisanje u\u010denika. Natjecanje se odnosi na mladu frankofonu publiku u dobi od 13 do 20 godina ovisno o kategoriji i ono se u cijelosti odvija internetom. Sudionicima natjecanja ponu\u0111en je niz djela svjetske umjetni\u010dke ba\u0161tine [&hellip;]<\/p>\n","protected":false},"author":1,"featured_media":0,"comment_status":"closed","ping_status":"closed","sticky":false,"template":"","format":"standard","meta":{"_et_pb_use_builder":"","_et_pb_old_content":"","_et_gb_content_width":"","footnotes":""},"categories":[9],"tags":[],"class_list":["post-739","post","type-post","status-publish","format-standard","hentry","category-arhiva"],"_links":{"self":[{"href":"https:\/\/prva.hr\/index.php\/wp-json\/wp\/v2\/posts\/739","targetHints":{"allow":["GET"]}}],"collection":[{"href":"https:\/\/prva.hr\/index.php\/wp-json\/wp\/v2\/posts"}],"about":[{"href":"https:\/\/prva.hr\/index.php\/wp-json\/wp\/v2\/types\/post"}],"author":[{"embeddable":true,"href":"https:\/\/prva.hr\/index.php\/wp-json\/wp\/v2\/users\/1"}],"replies":[{"embeddable":true,"href":"https:\/\/prva.hr\/index.php\/wp-json\/wp\/v2\/comments?post=739"}],"version-history":[{"count":1,"href":"https:\/\/prva.hr\/index.php\/wp-json\/wp\/v2\/posts\/739\/revisions"}],"predecessor-version":[{"id":740,"href":"https:\/\/prva.hr\/index.php\/wp-json\/wp\/v2\/posts\/739\/revisions\/740"}],"wp:attachment":[{"href":"https:\/\/prva.hr\/index.php\/wp-json\/wp\/v2\/media?parent=739"}],"wp:term":[{"taxonomy":"category","embeddable":true,"href":"https:\/\/prva.hr\/index.php\/wp-json\/wp\/v2\/categories?post=739"},{"taxonomy":"post_tag","embeddable":true,"href":"https:\/\/prva.hr\/index.php\/wp-json\/wp\/v2\/tags?post=739"}],"curies":[{"name":"wp","href":"https:\/\/api.w.org\/{rel}","templated":true}]}}