{"id":743,"date":"2013-06-11T11:35:25","date_gmt":"2013-06-11T09:35:25","guid":{"rendered":"http:\/\/www2.prva.hr\/?p=743"},"modified":"2017-08-06T11:35:47","modified_gmt":"2017-08-06T09:35:47","slug":"i-gimnazija-osvojila-posjet-europskom-parlamentu-u-strasbourgu","status":"publish","type":"post","link":"https:\/\/prva.hr\/index.php\/2013\/06\/11\/i-gimnazija-osvojila-posjet-europskom-parlamentu-u-strasbourgu\/","title":{"rendered":"I. gimnazija osvojila posjet Europskom parlamentu u Strasbourgu"},"content":{"rendered":"<p>Povijesni uspjeh I. gimnazije<\/p>\n<p>&nbsp;<\/p>\n<p>I. gimnazija osvojila posjet Europskom parlamentu u Strasbourgu U debatnom natjecanju koje se je odr\u017ealo 8.6.2013.<\/p>\n<p>Tim I. gimnazije sastavljen od Mie Ere\u0161, Luke Nagli\u0107a, Lucije Grubi\u0161i\u0107, Luke Mari\u0107a i Rine Salamuni\u0107, a pod mentorstvom profesora Igora Luki\u0107a, ostvario je izvanredni rezultat te se je plasirao na europsko natjecanje u debati koje \u0107e se odr\u017eati u studenom 2013. u Europskom parlamentu u Strasbourgu.<\/p>\n<p><img decoding=\"async\" data-src=\"http:\/\/www.prva.hr\/images\/stories\/prva\/debata%202.jpg\" width=\"264\" height=\"175\" border=\"0\" src=\"data:image\/svg+xml;base64,PHN2ZyB3aWR0aD0iMSIgaGVpZ2h0PSIxIiB4bWxucz0iaHR0cDovL3d3dy53My5vcmcvMjAwMC9zdmciPjwvc3ZnPg==\" class=\"lazyload\" style=\"--smush-placeholder-width: 264px; --smush-placeholder-aspect-ratio: 264\/175;\" \/> <img decoding=\"async\" data-src=\"http:\/\/www.prva.hr\/images\/stories\/prva\/debata%201.jpg\" width=\"259\" height=\"173\" border=\"0\" src=\"data:image\/svg+xml;base64,PHN2ZyB3aWR0aD0iMSIgaGVpZ2h0PSIxIiB4bWxucz0iaHR0cDovL3d3dy53My5vcmcvMjAwMC9zdmciPjwvc3ZnPg==\" class=\"lazyload\" style=\"--smush-placeholder-width: 259px; --smush-placeholder-aspect-ratio: 259\/173;\" \/><\/p>\n<p>&nbsp;<\/p>\n<p>Time je I. gimnazija zaslu\u017eeno dobila \u010dast predstavljati Hrvatsku i sebe kao \u0161kolu u najva\u017enijoj instituciji Europske unije u kojoj \u0107e se u studenom okupiti oko 600 u\u010denika iz svih zemalja Unije. Nakon napornih priprema koje su uklju\u010divale detaljno upoznavanje s povije\u0161\u0107u i strukturom Europske unije, njezinim politikama i strategijama djelovanja te prou\u010davanja povijesti i rada Europskog parlamenta, trud na\u0161ih u\u010denika i mentora je bio prepoznat te je govor debatnog tima I. gimnazije o europskoj politici za\u0161tite potro\u0161a\u010da oborio s nogu ugledne \u010dlanove \u017eirija me\u0111u kojima su sjedili i predstavnici ministarstava, Europske unije kao i novoizabrani hrvatski zastupnici u Europskom parlamentu.<\/p>\n<p>Zahvaljuju\u0107i velikom trudu predstavnika na\u0161e \u0161kole tim od 24 u\u010denika i 2 nastavnika posjetit \u0107e Europski parlament, a na\u0161a \u0161kola dobila je jo\u0161 jednu potvrdu svoje izvrsnosti te se ponovno uvrstila me\u0111u najuglednije \u0161kole u Hrvatskoj.<\/p>\n<p>O ovom debatnom natjecanju izi\u0161ao je i <a href=\"http:\/\/www.novilist.hr\/Vijesti\/Hrvatska\/Znanjem-do-mandata-u-Strasbourgu-Zagrebacki-srednjoskolci-najbolji-u-provjeri-znanja-o-EU\">\u010dlanak u medijima<\/a>.<\/p>\n","protected":false},"excerpt":{"rendered":"<p>Povijesni uspjeh I. gimnazije &nbsp; I. gimnazija osvojila posjet Europskom parlamentu u Strasbourgu U debatnom natjecanju koje se je odr\u017ealo 8.6.2013. Tim I. gimnazije sastavljen od Mie Ere\u0161, Luke Nagli\u0107a, Lucije Grubi\u0161i\u0107, Luke Mari\u0107a i Rine Salamuni\u0107, a pod mentorstvom profesora Igora Luki\u0107a, ostvario je izvanredni rezultat te se je plasirao na europsko natjecanje u [&hellip;]<\/p>\n","protected":false},"author":1,"featured_media":0,"comment_status":"closed","ping_status":"closed","sticky":false,"template":"","format":"standard","meta":{"_et_pb_use_builder":"","_et_pb_old_content":"","_et_gb_content_width":"","footnotes":""},"categories":[9],"tags":[],"class_list":["post-743","post","type-post","status-publish","format-standard","hentry","category-arhiva"],"_links":{"self":[{"href":"https:\/\/prva.hr\/index.php\/wp-json\/wp\/v2\/posts\/743","targetHints":{"allow":["GET"]}}],"collection":[{"href":"https:\/\/prva.hr\/index.php\/wp-json\/wp\/v2\/posts"}],"about":[{"href":"https:\/\/prva.hr\/index.php\/wp-json\/wp\/v2\/types\/post"}],"author":[{"embeddable":true,"href":"https:\/\/prva.hr\/index.php\/wp-json\/wp\/v2\/users\/1"}],"replies":[{"embeddable":true,"href":"https:\/\/prva.hr\/index.php\/wp-json\/wp\/v2\/comments?post=743"}],"version-history":[{"count":1,"href":"https:\/\/prva.hr\/index.php\/wp-json\/wp\/v2\/posts\/743\/revisions"}],"predecessor-version":[{"id":744,"href":"https:\/\/prva.hr\/index.php\/wp-json\/wp\/v2\/posts\/743\/revisions\/744"}],"wp:attachment":[{"href":"https:\/\/prva.hr\/index.php\/wp-json\/wp\/v2\/media?parent=743"}],"wp:term":[{"taxonomy":"category","embeddable":true,"href":"https:\/\/prva.hr\/index.php\/wp-json\/wp\/v2\/categories?post=743"},{"taxonomy":"post_tag","embeddable":true,"href":"https:\/\/prva.hr\/index.php\/wp-json\/wp\/v2\/tags?post=743"}],"curies":[{"name":"wp","href":"https:\/\/api.w.org\/{rel}","templated":true}]}}