{"id":7510,"date":"2020-02-01T13:20:28","date_gmt":"2020-02-01T12:20:28","guid":{"rendered":"http:\/\/www.prva.hr\/?p=7510"},"modified":"2020-03-02T13:44:31","modified_gmt":"2020-03-02T12:44:31","slug":"projekt-osjecam","status":"publish","type":"post","link":"https:\/\/prva.hr\/index.php\/2020\/02\/01\/projekt-osjecam\/","title":{"rendered":"Projekt Osje\u0107am"},"content":{"rendered":"<p>U suradnji s Gradskim uredom za zdravstvo i Udrugom BoliMe-podr\u0161ka mentalnom zdravlju mladih u I. gimnaziji se od 20. do 31. sije\u010dnja 2020. godine provodio projekt Osje\u0107am.<\/p>\n<p>U \u0161koli je na dva tjedna postavljena interaktivna instalacija koja ispituje emocionalni puls korisnika. U\u010denici su imali priliku pogledati kratki video te nakon njega osvijestiti i prepoznati vlastite emocije koje su bile prisutne.<\/p>\n<p style=\"text-align: center;\"><img decoding=\"async\" class=\"alignnone size-medium wp-image-7512 lazyload\" data-src=\"https:\/\/www.prva.hr\/wp-content\/uploads\/2020\/03\/IMG_20200122_081416-225x300.jpg\" alt=\"\" width=\"225\" height=\"300\" data-srcset=\"https:\/\/prva.hr\/wp-content\/uploads\/2020\/03\/IMG_20200122_081416-225x300.jpg 225w, https:\/\/prva.hr\/wp-content\/uploads\/2020\/03\/IMG_20200122_081416-768x1024.jpg 768w, https:\/\/prva.hr\/wp-content\/uploads\/2020\/03\/IMG_20200122_081416.jpg 1344w\" data-sizes=\"(max-width: 225px) 100vw, 225px\" src=\"data:image\/svg+xml;base64,PHN2ZyB3aWR0aD0iMSIgaGVpZ2h0PSIxIiB4bWxucz0iaHR0cDovL3d3dy53My5vcmcvMjAwMC9zdmciPjwvc3ZnPg==\" style=\"--smush-placeholder-width: 225px; --smush-placeholder-aspect-ratio: 225\/300;\" \/>\u00a0 \u00a0\u00a0 <img decoding=\"async\" class=\"alignnone size-medium wp-image-7511 lazyload\" data-src=\"https:\/\/www.prva.hr\/wp-content\/uploads\/2020\/03\/IMG_20200122_081341-225x300.jpg\" alt=\"\" width=\"225\" height=\"300\" data-srcset=\"https:\/\/prva.hr\/wp-content\/uploads\/2020\/03\/IMG_20200122_081341-225x300.jpg 225w, https:\/\/prva.hr\/wp-content\/uploads\/2020\/03\/IMG_20200122_081341-768x1024.jpg 768w, https:\/\/prva.hr\/wp-content\/uploads\/2020\/03\/IMG_20200122_081341.jpg 1344w\" data-sizes=\"(max-width: 225px) 100vw, 225px\" src=\"data:image\/svg+xml;base64,PHN2ZyB3aWR0aD0iMSIgaGVpZ2h0PSIxIiB4bWxucz0iaHR0cDovL3d3dy53My5vcmcvMjAwMC9zdmciPjwvc3ZnPg==\" style=\"--smush-placeholder-width: 225px; --smush-placeholder-aspect-ratio: 225\/300;\" \/>\u00a0 \u00a0\u00a0<img decoding=\"async\" class=\"alignnone size-medium wp-image-7513 lazyload\" data-src=\"https:\/\/www.prva.hr\/wp-content\/uploads\/2020\/03\/IMG_20200122_081609-225x300.jpg\" alt=\"\" width=\"225\" height=\"300\" data-srcset=\"https:\/\/prva.hr\/wp-content\/uploads\/2020\/03\/IMG_20200122_081609-225x300.jpg 225w, https:\/\/prva.hr\/wp-content\/uploads\/2020\/03\/IMG_20200122_081609-768x1024.jpg 768w, https:\/\/prva.hr\/wp-content\/uploads\/2020\/03\/IMG_20200122_081609.jpg 1344w\" data-sizes=\"(max-width: 225px) 100vw, 225px\" src=\"data:image\/svg+xml;base64,PHN2ZyB3aWR0aD0iMSIgaGVpZ2h0PSIxIiB4bWxucz0iaHR0cDovL3d3dy53My5vcmcvMjAwMC9zdmciPjwvc3ZnPg==\" style=\"--smush-placeholder-width: 225px; --smush-placeholder-aspect-ratio: 225\/300;\" \/><\/p>\n<p>&nbsp;<\/p>\n<p>28. sije\u010dnja 2020. godine bila je izvedba predstave &#8220;U mojoj glavi&#8221; Teatra Tirena koja govori o problemima mentalnog zdravlja mladih (anksioznosti i depresiji) na kojoj su sudjelovali u\u010denici 2. razreda.<\/p>\n<p><img decoding=\"async\" class=\"size-medium wp-image-7516 aligncenter lazyload\" data-src=\"https:\/\/www.prva.hr\/wp-content\/uploads\/2020\/03\/IMG-20200130-WA0000-225x300.jpg\" alt=\"\" width=\"225\" height=\"300\" data-srcset=\"https:\/\/prva.hr\/wp-content\/uploads\/2020\/03\/IMG-20200130-WA0000-225x300.jpg 225w, https:\/\/prva.hr\/wp-content\/uploads\/2020\/03\/IMG-20200130-WA0000-768x1024.jpg 768w, https:\/\/prva.hr\/wp-content\/uploads\/2020\/03\/IMG-20200130-WA0000.jpg 1200w\" data-sizes=\"(max-width: 225px) 100vw, 225px\" src=\"data:image\/svg+xml;base64,PHN2ZyB3aWR0aD0iMSIgaGVpZ2h0PSIxIiB4bWxucz0iaHR0cDovL3d3dy53My5vcmcvMjAwMC9zdmciPjwvc3ZnPg==\" style=\"--smush-placeholder-width: 225px; --smush-placeholder-aspect-ratio: 225\/300;\" \/><\/p>\n<p>&nbsp;<\/p>\n<p>&nbsp;<\/p>\n<p>Nakon izvedene predstave odr\u017eane su interaktivne radionice s u\u010denicima 2. razreda u sklopu koje se obra\u0111ivala tema mentalnog zdravlja.<\/p>\n<p>&nbsp;<\/p>\n<p><img decoding=\"async\" class=\"size-medium wp-image-7514 aligncenter lazyload\" data-src=\"https:\/\/www.prva.hr\/wp-content\/uploads\/2020\/03\/IMG_20200129_080337-300x225.jpg\" alt=\"\" width=\"300\" height=\"225\" data-srcset=\"https:\/\/prva.hr\/wp-content\/uploads\/2020\/03\/IMG_20200129_080337-300x225.jpg 300w, https:\/\/prva.hr\/wp-content\/uploads\/2020\/03\/IMG_20200129_080337-768x576.jpg 768w, https:\/\/prva.hr\/wp-content\/uploads\/2020\/03\/IMG_20200129_080337-1024x768.jpg 1024w, https:\/\/prva.hr\/wp-content\/uploads\/2020\/03\/IMG_20200129_080337-400x300.jpg 400w, https:\/\/prva.hr\/wp-content\/uploads\/2020\/03\/IMG_20200129_080337.jpg 1792w\" data-sizes=\"(max-width: 300px) 100vw, 300px\" src=\"data:image\/svg+xml;base64,PHN2ZyB3aWR0aD0iMSIgaGVpZ2h0PSIxIiB4bWxucz0iaHR0cDovL3d3dy53My5vcmcvMjAwMC9zdmciPjwvc3ZnPg==\" style=\"--smush-placeholder-width: 300px; --smush-placeholder-aspect-ratio: 300\/225;\" \/><\/p>\n<p style=\"text-align: center;\">radionica u 2.d razredu<\/p>\n<p>&nbsp;<\/p>\n<p><img decoding=\"async\" class=\"size-medium wp-image-7515 aligncenter lazyload\" data-src=\"https:\/\/www.prva.hr\/wp-content\/uploads\/2020\/03\/IMG_20200129_082251-225x300.jpg\" alt=\"\" width=\"225\" height=\"300\" data-srcset=\"https:\/\/prva.hr\/wp-content\/uploads\/2020\/03\/IMG_20200129_082251-225x300.jpg 225w, https:\/\/prva.hr\/wp-content\/uploads\/2020\/03\/IMG_20200129_082251-768x1024.jpg 768w, https:\/\/prva.hr\/wp-content\/uploads\/2020\/03\/IMG_20200129_082251.jpg 1920w\" data-sizes=\"(max-width: 225px) 100vw, 225px\" src=\"data:image\/svg+xml;base64,PHN2ZyB3aWR0aD0iMSIgaGVpZ2h0PSIxIiB4bWxucz0iaHR0cDovL3d3dy53My5vcmcvMjAwMC9zdmciPjwvc3ZnPg==\" style=\"--smush-placeholder-width: 225px; --smush-placeholder-aspect-ratio: 225\/300;\" \/><\/p>\n<p style=\"text-align: center;\">prikaz mentalno nezdrave osobe &#8211; rad u\u010denica 2.d razreda<\/p>\n","protected":false},"excerpt":{"rendered":"<p>U suradnji s Gradskim uredom za zdravstvo i Udrugom BoliMe-podr\u0161ka mentalnom zdravlju mladih u I. gimnaziji se od 20. do 31. sije\u010dnja 2020. godine provodio projekt Osje\u0107am. U \u0161koli je na dva tjedna postavljena interaktivna instalacija koja ispituje emocionalni puls korisnika. U\u010denici su imali priliku pogledati kratki video te nakon njega osvijestiti i prepoznati vlastite [&hellip;]<\/p>\n","protected":false},"author":7,"featured_media":0,"comment_status":"closed","ping_status":"closed","sticky":false,"template":"","format":"standard","meta":{"_et_pb_use_builder":"","_et_pb_old_content":"","_et_gb_content_width":"","footnotes":""},"categories":[13],"tags":[],"class_list":["post-7510","post","type-post","status-publish","format-standard","hentry","category-preventivni-program"],"_links":{"self":[{"href":"https:\/\/prva.hr\/index.php\/wp-json\/wp\/v2\/posts\/7510","targetHints":{"allow":["GET"]}}],"collection":[{"href":"https:\/\/prva.hr\/index.php\/wp-json\/wp\/v2\/posts"}],"about":[{"href":"https:\/\/prva.hr\/index.php\/wp-json\/wp\/v2\/types\/post"}],"author":[{"embeddable":true,"href":"https:\/\/prva.hr\/index.php\/wp-json\/wp\/v2\/users\/7"}],"replies":[{"embeddable":true,"href":"https:\/\/prva.hr\/index.php\/wp-json\/wp\/v2\/comments?post=7510"}],"version-history":[{"count":2,"href":"https:\/\/prva.hr\/index.php\/wp-json\/wp\/v2\/posts\/7510\/revisions"}],"predecessor-version":[{"id":7518,"href":"https:\/\/prva.hr\/index.php\/wp-json\/wp\/v2\/posts\/7510\/revisions\/7518"}],"wp:attachment":[{"href":"https:\/\/prva.hr\/index.php\/wp-json\/wp\/v2\/media?parent=7510"}],"wp:term":[{"taxonomy":"category","embeddable":true,"href":"https:\/\/prva.hr\/index.php\/wp-json\/wp\/v2\/categories?post=7510"},{"taxonomy":"post_tag","embeddable":true,"href":"https:\/\/prva.hr\/index.php\/wp-json\/wp\/v2\/tags?post=7510"}],"curies":[{"name":"wp","href":"https:\/\/api.w.org\/{rel}","templated":true}]}}