{"id":7535,"date":"2020-02-13T08:29:19","date_gmt":"2020-02-13T07:29:19","guid":{"rendered":"http:\/\/www.prva.hr\/?p=7535"},"modified":"2020-03-04T08:40:09","modified_gmt":"2020-03-04T07:40:09","slug":"preventivno-predavanje-za-nastavnike-na-temu-vrsnjackog-nasilja","status":"publish","type":"post","link":"https:\/\/prva.hr\/index.php\/2020\/02\/13\/preventivno-predavanje-za-nastavnike-na-temu-vrsnjackog-nasilja\/","title":{"rendered":"Preventivno predavanje za nastavnike na temu vr\u0161nja\u010dkog nasilja"},"content":{"rendered":"<p>U\u00a0 srijedu 12. velja\u010de 2020. odr\u017eano je stru\u010dno predavanje\u00a0za \u010dlanove Nastavni\u010dkog vije\u0107a unutar projekta &#8220;Nije cool biti bully&#8221;.\u00a0Projekt se provodi u\u00a0\u00a0suradnji s Gradskim uredom za zdravstvo i Poliklinikom za za\u0161titu djece i mladih Grada Zagreba.<\/p>\n<p>Cilj Projekta je prevenirati nasilje, govoriti o njemu otvoreno i sa stajali\u0161ta stru\u010dnjaka te se pribli\u017eiti mladima kroz jezik koji oni razumiju, a sve u cilju podizanja svijesti o rizi\u010dnim i za\u0161titnim \u010dimbenicima u prevenciji vr\u0161nja\u010dkog nasilja. Prema istra\u017eivanjima, svako \u010detvrto dijete skoro svakodnevno do\u017eivi odre\u0111eni oblik nasilja u \u0161koli. Prema tome, zada\u0107a odraslih, a ponajvi\u0161e institucija jest prepoznati nasilje, zaustaviti ga i pomo\u0107i \u017ertvi, ali i educirati nasilnika kako se neprihvatljivo pona\u0161anje ne bi nastavilo u budu\u0107nosti.<\/p>\n<p>Predavanje je odr\u017eala psihologinja Ana Ragu\u017e, mag. psyh. koja je djelatnica Poliklinike\u00a0za za\u0161titu djece i mladih Grada Zagreba.<\/p>\n","protected":false},"excerpt":{"rendered":"<p>U\u00a0 srijedu 12. velja\u010de 2020. odr\u017eano je stru\u010dno predavanje\u00a0za \u010dlanove Nastavni\u010dkog vije\u0107a unutar projekta &#8220;Nije cool biti bully&#8221;.\u00a0Projekt se provodi u\u00a0\u00a0suradnji s Gradskim uredom za zdravstvo i Poliklinikom za za\u0161titu djece i mladih Grada Zagreba. Cilj Projekta je prevenirati nasilje, govoriti o njemu otvoreno i sa stajali\u0161ta stru\u010dnjaka te se pribli\u017eiti mladima kroz jezik koji [&hellip;]<\/p>\n","protected":false},"author":7,"featured_media":0,"comment_status":"closed","ping_status":"closed","sticky":false,"template":"","format":"standard","meta":{"_et_pb_use_builder":"","_et_pb_old_content":"","_et_gb_content_width":"","footnotes":""},"categories":[13],"tags":[],"class_list":["post-7535","post","type-post","status-publish","format-standard","hentry","category-preventivni-program"],"_links":{"self":[{"href":"https:\/\/prva.hr\/index.php\/wp-json\/wp\/v2\/posts\/7535","targetHints":{"allow":["GET"]}}],"collection":[{"href":"https:\/\/prva.hr\/index.php\/wp-json\/wp\/v2\/posts"}],"about":[{"href":"https:\/\/prva.hr\/index.php\/wp-json\/wp\/v2\/types\/post"}],"author":[{"embeddable":true,"href":"https:\/\/prva.hr\/index.php\/wp-json\/wp\/v2\/users\/7"}],"replies":[{"embeddable":true,"href":"https:\/\/prva.hr\/index.php\/wp-json\/wp\/v2\/comments?post=7535"}],"version-history":[{"count":1,"href":"https:\/\/prva.hr\/index.php\/wp-json\/wp\/v2\/posts\/7535\/revisions"}],"predecessor-version":[{"id":7536,"href":"https:\/\/prva.hr\/index.php\/wp-json\/wp\/v2\/posts\/7535\/revisions\/7536"}],"wp:attachment":[{"href":"https:\/\/prva.hr\/index.php\/wp-json\/wp\/v2\/media?parent=7535"}],"wp:term":[{"taxonomy":"category","embeddable":true,"href":"https:\/\/prva.hr\/index.php\/wp-json\/wp\/v2\/categories?post=7535"},{"taxonomy":"post_tag","embeddable":true,"href":"https:\/\/prva.hr\/index.php\/wp-json\/wp\/v2\/tags?post=7535"}],"curies":[{"name":"wp","href":"https:\/\/api.w.org\/{rel}","templated":true}]}}