{"id":7539,"date":"2020-01-29T09:03:36","date_gmt":"2020-01-29T08:03:36","guid":{"rendered":"http:\/\/www.prva.hr\/?p=7539"},"modified":"2020-03-04T09:04:03","modified_gmt":"2020-03-04T08:04:03","slug":"odrzane-radionice-medijska-pismenost-i-kriticnost","status":"publish","type":"post","link":"https:\/\/prva.hr\/index.php\/2020\/01\/29\/odrzane-radionice-medijska-pismenost-i-kriticnost\/","title":{"rendered":"Odr\u017eane radionice Medijska pismenost i kriti\u010dnost"},"content":{"rendered":"<p>U razdoblju od 17. do 27. sije\u010dnja 2020. godine u osam razrednih odjela (1.b, 1.c, 1.e, 2.c, 2.e, 3.a, 3.c, 3.d) odr\u017eane su preventivne radionice\u00a0Medijska pismenost i kriti\u010dnost. Radionice su provodili educirani studenti \u010detvrte godine Edukacijsko-rehabilitacijskog fakulteta, smjer socijalne pedagogije u sklopu kolegija Preventivne kampanje.<\/p>\n<p>Cilj radionica je bilo osvje\u0161tavanje u\u010denika o va\u017enosti medijske pismenosti te kriti\u010dkog osvrta na ulogu medija i &#8220;medijskih proizvoda&#8221;.<\/p>\n<p>&nbsp;<\/p>\n<p>&nbsp;<\/p>\n","protected":false},"excerpt":{"rendered":"<p>U razdoblju od 17. do 27. sije\u010dnja 2020. godine u osam razrednih odjela (1.b, 1.c, 1.e, 2.c, 2.e, 3.a, 3.c, 3.d) odr\u017eane su preventivne radionice\u00a0Medijska pismenost i kriti\u010dnost. Radionice su provodili educirani studenti \u010detvrte godine Edukacijsko-rehabilitacijskog fakulteta, smjer socijalne pedagogije u sklopu kolegija Preventivne kampanje. Cilj radionica je bilo osvje\u0161tavanje u\u010denika o va\u017enosti medijske pismenosti [&hellip;]<\/p>\n","protected":false},"author":7,"featured_media":7544,"comment_status":"closed","ping_status":"closed","sticky":false,"template":"","format":"standard","meta":{"_et_pb_use_builder":"","_et_pb_old_content":"","_et_gb_content_width":"","footnotes":""},"categories":[1,13],"tags":[],"class_list":["post-7539","post","type-post","status-publish","format-standard","has-post-thumbnail","hentry","category-nekategorizirano","category-preventivni-program"],"_links":{"self":[{"href":"https:\/\/prva.hr\/index.php\/wp-json\/wp\/v2\/posts\/7539","targetHints":{"allow":["GET"]}}],"collection":[{"href":"https:\/\/prva.hr\/index.php\/wp-json\/wp\/v2\/posts"}],"about":[{"href":"https:\/\/prva.hr\/index.php\/wp-json\/wp\/v2\/types\/post"}],"author":[{"embeddable":true,"href":"https:\/\/prva.hr\/index.php\/wp-json\/wp\/v2\/users\/7"}],"replies":[{"embeddable":true,"href":"https:\/\/prva.hr\/index.php\/wp-json\/wp\/v2\/comments?post=7539"}],"version-history":[{"count":1,"href":"https:\/\/prva.hr\/index.php\/wp-json\/wp\/v2\/posts\/7539\/revisions"}],"predecessor-version":[{"id":7545,"href":"https:\/\/prva.hr\/index.php\/wp-json\/wp\/v2\/posts\/7539\/revisions\/7545"}],"wp:featuredmedia":[{"embeddable":true,"href":"https:\/\/prva.hr\/index.php\/wp-json\/wp\/v2\/media\/7544"}],"wp:attachment":[{"href":"https:\/\/prva.hr\/index.php\/wp-json\/wp\/v2\/media?parent=7539"}],"wp:term":[{"taxonomy":"category","embeddable":true,"href":"https:\/\/prva.hr\/index.php\/wp-json\/wp\/v2\/categories?post=7539"},{"taxonomy":"post_tag","embeddable":true,"href":"https:\/\/prva.hr\/index.php\/wp-json\/wp\/v2\/tags?post=7539"}],"curies":[{"name":"wp","href":"https:\/\/api.w.org\/{rel}","templated":true}]}}