{"id":762,"date":"2013-06-19T11:43:42","date_gmt":"2013-06-19T09:43:42","guid":{"rendered":"http:\/\/www2.prva.hr\/?p=762"},"modified":"2017-08-06T11:44:07","modified_gmt":"2017-08-06T09:44:07","slug":"dodjela-oskara-znanja","status":"publish","type":"post","link":"https:\/\/prva.hr\/index.php\/2013\/06\/19\/dodjela-oskara-znanja\/","title":{"rendered":"DODJELA OSKARA ZNANJA"},"content":{"rendered":"<p>U subotu, 8. lipnja 2013. u\u010denica na\u0161e \u0161kole Doria \u0160ari\u0107 i njezina mentorica, profesorica Vesna Kus sudjelovale su na dodjeli Oskara znanja u Nacionalnoj i sveu\u010dili\u0161noj knji\u017enici u Zagrebu.<\/p>\n<p><img decoding=\"async\" data-src=\"http:\/\/www.prva.hr\/images\/stories\/prva\/dodjela%20oskara3.jpg\" width=\"242\" height=\"179\" border=\"0\" src=\"data:image\/svg+xml;base64,PHN2ZyB3aWR0aD0iMSIgaGVpZ2h0PSIxIiB4bWxucz0iaHR0cDovL3d3dy53My5vcmcvMjAwMC9zdmciPjwvc3ZnPg==\" class=\"lazyload\" style=\"--smush-placeholder-width: 242px; --smush-placeholder-aspect-ratio: 242\/179;\" \/> <img decoding=\"async\" data-src=\"http:\/\/www.prva.hr\/images\/stories\/prva\/dodjela%20oskara1.jpg\" width=\"241\" height=\"180\" border=\"0\" src=\"data:image\/svg+xml;base64,PHN2ZyB3aWR0aD0iMSIgaGVpZ2h0PSIxIiB4bWxucz0iaHR0cDovL3d3dy53My5vcmcvMjAwMC9zdmciPjwvc3ZnPg==\" class=\"lazyload\" style=\"--smush-placeholder-width: 241px; --smush-placeholder-aspect-ratio: 241\/180;\" \/><\/p>\n<p>Ta presti\u017ena nagrada dodijeljena je me\u0111unarodnim i dr\u017eavnim prvacima te njihovim mentorima. Doria je osvojila prvo mjesto na dr\u017eavnom natjecanju iz matematike.<\/p>\n<p>Nagradu su uru\u010dili ravnatelj Agencije za odgoj i obrazovanje, Vinko Filipovi\u0107 te izaslanica ministra znanosti, obrazovanja i sporta Sabina Glasovac.<\/p>\n<p>Osim ove nagrade u\u010denica \u0107e dobiti HEP-ovu nagradu pod nazivom IMAM \u017dICU, a dodjela \u0107e se odr\u017eati 3. srpnja 2013. u Ogulinu. \u010cestitamo!<\/p>\n<p><img decoding=\"async\" data-src=\"http:\/\/www.prva.hr\/images\/stories\/prva\/dodjela%20oskara2.jpg\" width=\"490\" height=\"368\" border=\"0\" src=\"data:image\/svg+xml;base64,PHN2ZyB3aWR0aD0iMSIgaGVpZ2h0PSIxIiB4bWxucz0iaHR0cDovL3d3dy53My5vcmcvMjAwMC9zdmciPjwvc3ZnPg==\" class=\"lazyload\" style=\"--smush-placeholder-width: 490px; --smush-placeholder-aspect-ratio: 490\/368;\" \/><\/p>\n<p><span class=\"article_separator\">\u00a0<\/span><\/p>\n","protected":false},"excerpt":{"rendered":"<p>U subotu, 8. lipnja 2013. u\u010denica na\u0161e \u0161kole Doria \u0160ari\u0107 i njezina mentorica, profesorica Vesna Kus sudjelovale su na dodjeli Oskara znanja u Nacionalnoj i sveu\u010dili\u0161noj knji\u017enici u Zagrebu. Ta presti\u017ena nagrada dodijeljena je me\u0111unarodnim i dr\u017eavnim prvacima te njihovim mentorima. Doria je osvojila prvo mjesto na dr\u017eavnom natjecanju iz matematike. Nagradu su uru\u010dili ravnatelj [&hellip;]<\/p>\n","protected":false},"author":1,"featured_media":0,"comment_status":"closed","ping_status":"closed","sticky":false,"template":"","format":"standard","meta":{"_et_pb_use_builder":"","_et_pb_old_content":"","_et_gb_content_width":"","footnotes":""},"categories":[9],"tags":[],"class_list":["post-762","post","type-post","status-publish","format-standard","hentry","category-arhiva"],"_links":{"self":[{"href":"https:\/\/prva.hr\/index.php\/wp-json\/wp\/v2\/posts\/762","targetHints":{"allow":["GET"]}}],"collection":[{"href":"https:\/\/prva.hr\/index.php\/wp-json\/wp\/v2\/posts"}],"about":[{"href":"https:\/\/prva.hr\/index.php\/wp-json\/wp\/v2\/types\/post"}],"author":[{"embeddable":true,"href":"https:\/\/prva.hr\/index.php\/wp-json\/wp\/v2\/users\/1"}],"replies":[{"embeddable":true,"href":"https:\/\/prva.hr\/index.php\/wp-json\/wp\/v2\/comments?post=762"}],"version-history":[{"count":1,"href":"https:\/\/prva.hr\/index.php\/wp-json\/wp\/v2\/posts\/762\/revisions"}],"predecessor-version":[{"id":763,"href":"https:\/\/prva.hr\/index.php\/wp-json\/wp\/v2\/posts\/762\/revisions\/763"}],"wp:attachment":[{"href":"https:\/\/prva.hr\/index.php\/wp-json\/wp\/v2\/media?parent=762"}],"wp:term":[{"taxonomy":"category","embeddable":true,"href":"https:\/\/prva.hr\/index.php\/wp-json\/wp\/v2\/categories?post=762"},{"taxonomy":"post_tag","embeddable":true,"href":"https:\/\/prva.hr\/index.php\/wp-json\/wp\/v2\/tags?post=762"}],"curies":[{"name":"wp","href":"https:\/\/api.w.org\/{rel}","templated":true}]}}