{"id":776,"date":"2013-07-15T12:29:04","date_gmt":"2013-07-15T10:29:04","guid":{"rendered":"http:\/\/www2.prva.hr\/?p=776"},"modified":"2017-08-06T12:29:26","modified_gmt":"2017-08-06T10:29:26","slug":"svecana-podjela-maturalnih-svjedodzbi","status":"publish","type":"post","link":"https:\/\/prva.hr\/index.php\/2013\/07\/15\/svecana-podjela-maturalnih-svjedodzbi\/","title":{"rendered":"Sve\u010dana podjela maturalnih svjedod\u017ebi"},"content":{"rendered":"<p>Sve\u010dana podjela maturalnih svjedod\u017ebi odr\u017eat \u0107e se <strong>18. 7. 2013<\/strong>. u <strong>19 sati<\/strong> u kino-dvorani Prve gimnazije. Pozivamo roditelje i ostale bli\u017enje na\u0161ih maturanata da prisustvuju ovom sve\u010danom trenutku!<\/p>\n<p>Maturanti trebaju do\u0107i u \u0161kolu u 18 sati radi pripreme i fotografiranja (u u\u010dionice na prvom katu).<\/p>\n","protected":false},"excerpt":{"rendered":"<p>Sve\u010dana podjela maturalnih svjedod\u017ebi odr\u017eat \u0107e se 18. 7. 2013. u 19 sati u kino-dvorani Prve gimnazije. Pozivamo roditelje i ostale bli\u017enje na\u0161ih maturanata da prisustvuju ovom sve\u010danom trenutku! Maturanti trebaju do\u0107i u \u0161kolu u 18 sati radi pripreme i fotografiranja (u u\u010dionice na prvom katu).<\/p>\n","protected":false},"author":1,"featured_media":0,"comment_status":"closed","ping_status":"closed","sticky":false,"template":"","format":"standard","meta":{"_et_pb_use_builder":"","_et_pb_old_content":"","_et_gb_content_width":"","footnotes":""},"categories":[9],"tags":[],"class_list":["post-776","post","type-post","status-publish","format-standard","hentry","category-arhiva"],"_links":{"self":[{"href":"https:\/\/prva.hr\/index.php\/wp-json\/wp\/v2\/posts\/776","targetHints":{"allow":["GET"]}}],"collection":[{"href":"https:\/\/prva.hr\/index.php\/wp-json\/wp\/v2\/posts"}],"about":[{"href":"https:\/\/prva.hr\/index.php\/wp-json\/wp\/v2\/types\/post"}],"author":[{"embeddable":true,"href":"https:\/\/prva.hr\/index.php\/wp-json\/wp\/v2\/users\/1"}],"replies":[{"embeddable":true,"href":"https:\/\/prva.hr\/index.php\/wp-json\/wp\/v2\/comments?post=776"}],"version-history":[{"count":1,"href":"https:\/\/prva.hr\/index.php\/wp-json\/wp\/v2\/posts\/776\/revisions"}],"predecessor-version":[{"id":777,"href":"https:\/\/prva.hr\/index.php\/wp-json\/wp\/v2\/posts\/776\/revisions\/777"}],"wp:attachment":[{"href":"https:\/\/prva.hr\/index.php\/wp-json\/wp\/v2\/media?parent=776"}],"wp:term":[{"taxonomy":"category","embeddable":true,"href":"https:\/\/prva.hr\/index.php\/wp-json\/wp\/v2\/categories?post=776"},{"taxonomy":"post_tag","embeddable":true,"href":"https:\/\/prva.hr\/index.php\/wp-json\/wp\/v2\/tags?post=776"}],"curies":[{"name":"wp","href":"https:\/\/api.w.org\/{rel}","templated":true}]}}