{"id":778,"date":"2013-07-22T12:29:59","date_gmt":"2013-07-22T10:29:59","guid":{"rendered":"http:\/\/www2.prva.hr\/?p=778"},"modified":"2017-08-06T12:30:24","modified_gmt":"2017-08-06T10:30:24","slug":"fakultativna-nastava-za-prve-razrede","status":"publish","type":"post","link":"https:\/\/prva.hr\/index.php\/2013\/07\/22\/fakultativna-nastava-za-prve-razrede\/","title":{"rendered":"FAKULTATIVNA NASTAVA ZA PRVE RAZREDE"},"content":{"rendered":"<p>U\u010denicima koji su upisali Prvu gimnaziju 2013. godine nudimo i fakultativnu nastavu iz stranih jezika koje ne u\u010de u redovnom programu.<\/p>\n<p><strong>Za koga \u0107e se organizirati fakultativna nastava?<\/strong><\/p>\n<p>&#8211;\u00a0\u00a0 nastava \u0107e se organizirati za sve u\u010denike prvih razreda koji to \u017eele (ne mora svaki u\u010denik odabrati fakultativni predmet)<\/p>\n<p>&#8211;\u00a0\u00a0oni koji odaberu fakultativnu nastavu obvezni su je poha\u0111ati cijelu \u0161kolsku godinu<\/p>\n<p><strong>Kako \u0107e se organizirati fakultativna nastava?<\/strong><\/p>\n<p>&#8211;\u00a0\u00a0 jedan sat tjedno (sveukupno 35 sati)<\/p>\n<p>&#8211;\u00a0\u00a0 izostanci se bilje\u017ee kao i na redovnoj nastavi<\/p>\n<p><strong>Kako se ocjenjuje fakultativna nastava?<\/strong><\/p>\n<p>&#8211;\u00a0\u00a0 fakultativni predmet ocjenjuje se prema elementima koje odredi nastavnik, a ocjena iz fakultativnog predmeta upisuje se u svjedod\u017ebu i ulazi u op\u0107i uspjeh<\/p>\n<p><strong>Koji su ponu\u0111eni fakultativni predmeti?<\/strong><\/p>\n<p>&#8211;\u00a0\u00a0 talijanski jezik<\/p>\n<p>&#8211;\u00a0\u00a0 \u0161panjolski jezik<\/p>\n<p>&#8211;\u00a0\u00a0 ruski jezik.<\/p>\n<p><strong>Niti za jedan od tih jezika nije potrebno predznanje!<\/strong><\/p>\n<p>Zainteresirane u\u010denike molimo da ispune <a href=\"http:\/\/www.prva.hr\/images\/stories\/prva\/izjava.doc\">obrazac <\/a>te da ga po\u0161alju na<strong>: <a href=\"mailto:info@prva.hr\">info@prva.hr<\/a> Ova e-mail adresa je za\u0161ti\u0107ena od spam robota, nije vidljiva ako ste isklju\u010dili JavaScript <\/strong><\/p>\n<p><strong>Hvala!<\/strong><\/p>\n","protected":false},"excerpt":{"rendered":"<p>U\u010denicima koji su upisali Prvu gimnaziju 2013. godine nudimo i fakultativnu nastavu iz stranih jezika koje ne u\u010de u redovnom programu. Za koga \u0107e se organizirati fakultativna nastava? &#8211;\u00a0\u00a0 nastava \u0107e se organizirati za sve u\u010denike prvih razreda koji to \u017eele (ne mora svaki u\u010denik odabrati fakultativni predmet) &#8211;\u00a0\u00a0oni koji odaberu fakultativnu nastavu obvezni su [&hellip;]<\/p>\n","protected":false},"author":1,"featured_media":0,"comment_status":"closed","ping_status":"closed","sticky":false,"template":"","format":"standard","meta":{"_et_pb_use_builder":"","_et_pb_old_content":"","_et_gb_content_width":"","footnotes":""},"categories":[9],"tags":[],"class_list":["post-778","post","type-post","status-publish","format-standard","hentry","category-arhiva"],"_links":{"self":[{"href":"https:\/\/prva.hr\/index.php\/wp-json\/wp\/v2\/posts\/778","targetHints":{"allow":["GET"]}}],"collection":[{"href":"https:\/\/prva.hr\/index.php\/wp-json\/wp\/v2\/posts"}],"about":[{"href":"https:\/\/prva.hr\/index.php\/wp-json\/wp\/v2\/types\/post"}],"author":[{"embeddable":true,"href":"https:\/\/prva.hr\/index.php\/wp-json\/wp\/v2\/users\/1"}],"replies":[{"embeddable":true,"href":"https:\/\/prva.hr\/index.php\/wp-json\/wp\/v2\/comments?post=778"}],"version-history":[{"count":1,"href":"https:\/\/prva.hr\/index.php\/wp-json\/wp\/v2\/posts\/778\/revisions"}],"predecessor-version":[{"id":779,"href":"https:\/\/prva.hr\/index.php\/wp-json\/wp\/v2\/posts\/778\/revisions\/779"}],"wp:attachment":[{"href":"https:\/\/prva.hr\/index.php\/wp-json\/wp\/v2\/media?parent=778"}],"wp:term":[{"taxonomy":"category","embeddable":true,"href":"https:\/\/prva.hr\/index.php\/wp-json\/wp\/v2\/categories?post=778"},{"taxonomy":"post_tag","embeddable":true,"href":"https:\/\/prva.hr\/index.php\/wp-json\/wp\/v2\/tags?post=778"}],"curies":[{"name":"wp","href":"https:\/\/api.w.org\/{rel}","templated":true}]}}