{"id":784,"date":"2013-08-26T12:33:46","date_gmt":"2013-08-26T10:33:46","guid":{"rendered":"http:\/\/www2.prva.hr\/?p=784"},"modified":"2017-08-06T12:34:13","modified_gmt":"2017-08-06T10:34:13","slug":"prvoj-gimnaziji-dodijeljena-bespovratna-sredstva-iz-eu-fondova","status":"publish","type":"post","link":"https:\/\/prva.hr\/index.php\/2013\/08\/26\/prvoj-gimnaziji-dodijeljena-bespovratna-sredstva-iz-eu-fondova\/","title":{"rendered":"PRVOJ GIMNAZIJI DODIJELJENA BESPOVRATNA SREDSTVA IZ EU FONDOVA!"},"content":{"rendered":"<p>Novo u I. gimnaziji \u2013 IPA projekt financiran iz fondova EU<\/p>\n<p align=\"center\"><strong>\u0160kola poduzetni\u0161tva za gimnazijalce<\/strong><\/p>\n<p>&nbsp;<\/p>\n<p>&nbsp;<\/p>\n<p>U \u0161kolskoj godini 2013. \/ 2014. I. gimnazija imat \u0107e \u010dast provesti projekt financiran iz fondova Europske unije koji \u0107e najboljim u\u010denicima I. gimnazije omogu\u0107iti da se ve\u0107 u srednjoj \u0161koli pripreme za budu\u0107e zaposlenje.<\/p>\n<p>Rije\u010d je o projektu naziva \u201e\u0160kola poduzetni\u010dke konkurentnosti na tr\u017ei\u0161tu rada za gimnazijalce\u201c koji je osmislio tim I. gimnazije, a koji su evaluatori projekata predlo\u017eenih za financiranje iz fondova EU prepoznali i ocijenili kao jedan od najkvalitetnijih. Time se je I. gimnazija uvrstila u dru\u0161tvo najuglednijih \u0161kola u Hrvatskoj i regiji koje imaju priliku provesti projekt me\u0111unarodne va\u017enosti i na taj na\u010din doprinijeti pobolj\u0161anju hrvatskog obrazovnog sustava.<\/p>\n<p>U projektu koji \u0107e trajati godinu dana priliku za sudjelovanje dobit \u0107e 30-ak u\u010denika drugih, tre\u0107ih i \u010detvrtih razreda koji \u0107e kroz raznovrsne zabavne i korisne aktivnosti saznati\u00a0 puno toga o poduzetni\u0161tvu, tr\u017ei\u0161tu rada i potrazi za zaposlenjem. Samo neke od tema koje su uklju\u010dene u projekte aktivnosti su:<\/p>\n<ul>\n<li>kako pokrenuti vlastitu tvrtku?<\/li>\n<li>kako napisati \u017eivotopis, motivacijsko pismo i prijavu za posao?<\/li>\n<li>kako se predstaviti u najboljem svijetlu na razgovoru za posao?<\/li>\n<li>\u0161to su to uop\u0107e poduzetni\u0161tvo, marketing, odnosi s javno\u0161\u0107u?<\/li>\n<li>kakvo je to dru\u0161tveno odgovorno poduzetni\u0161tvo?<\/li>\n<li>kakav engleski jezik se govori u poslovnom okru\u017eenju?<\/li>\n<li>kako pobolj\u0161ati svoje poslovne, komunikacijske i organizacijske vje\u0161tine?<\/li>\n<li>i mnoge druge!<\/li>\n<\/ul>\n<p>&nbsp;<\/p>\n<p>Projektom su predvi\u0111ena mnoga doga\u0111anja, natjecanja i nagrade, sajmovi, posjete velikim tvrtkama i mnoge druge aktivnosti koje \u0107e na godinu dana u I. gimnaziju unijeti pravi poduzetni\u010dki duh!<\/p>\n<p><img decoding=\"async\" src=\"http:\/\/www.prva.hr\/images\/stories\/prva\/slika%20za%20web.bmp\" width=\"400\" border=\"0\" \/><\/p>\n","protected":false},"excerpt":{"rendered":"<p>Novo u I. gimnaziji \u2013 IPA projekt financiran iz fondova EU \u0160kola poduzetni\u0161tva za gimnazijalce &nbsp; &nbsp; U \u0161kolskoj godini 2013. \/ 2014. I. gimnazija imat \u0107e \u010dast provesti projekt financiran iz fondova Europske unije koji \u0107e najboljim u\u010denicima I. gimnazije omogu\u0107iti da se ve\u0107 u srednjoj \u0161koli pripreme za budu\u0107e zaposlenje. Rije\u010d je o [&hellip;]<\/p>\n","protected":false},"author":1,"featured_media":0,"comment_status":"closed","ping_status":"closed","sticky":false,"template":"","format":"standard","meta":{"_et_pb_use_builder":"","_et_pb_old_content":"","_et_gb_content_width":"","footnotes":""},"categories":[9],"tags":[],"class_list":["post-784","post","type-post","status-publish","format-standard","hentry","category-arhiva"],"_links":{"self":[{"href":"https:\/\/prva.hr\/index.php\/wp-json\/wp\/v2\/posts\/784","targetHints":{"allow":["GET"]}}],"collection":[{"href":"https:\/\/prva.hr\/index.php\/wp-json\/wp\/v2\/posts"}],"about":[{"href":"https:\/\/prva.hr\/index.php\/wp-json\/wp\/v2\/types\/post"}],"author":[{"embeddable":true,"href":"https:\/\/prva.hr\/index.php\/wp-json\/wp\/v2\/users\/1"}],"replies":[{"embeddable":true,"href":"https:\/\/prva.hr\/index.php\/wp-json\/wp\/v2\/comments?post=784"}],"version-history":[{"count":1,"href":"https:\/\/prva.hr\/index.php\/wp-json\/wp\/v2\/posts\/784\/revisions"}],"predecessor-version":[{"id":785,"href":"https:\/\/prva.hr\/index.php\/wp-json\/wp\/v2\/posts\/784\/revisions\/785"}],"wp:attachment":[{"href":"https:\/\/prva.hr\/index.php\/wp-json\/wp\/v2\/media?parent=784"}],"wp:term":[{"taxonomy":"category","embeddable":true,"href":"https:\/\/prva.hr\/index.php\/wp-json\/wp\/v2\/categories?post=784"},{"taxonomy":"post_tag","embeddable":true,"href":"https:\/\/prva.hr\/index.php\/wp-json\/wp\/v2\/tags?post=784"}],"curies":[{"name":"wp","href":"https:\/\/api.w.org\/{rel}","templated":true}]}}