{"id":7936,"date":"2020-06-16T09:23:30","date_gmt":"2020-06-16T07:23:30","guid":{"rendered":"http:\/\/www.prva.hr\/?p=7936"},"modified":"2020-06-17T11:58:19","modified_gmt":"2020-06-17T09:58:19","slug":"povrat-udzbenika-vazno","status":"publish","type":"post","link":"https:\/\/prva.hr\/index.php\/2020\/06\/16\/povrat-udzbenika-vazno\/","title":{"rendered":"Povrat ud\u017ebenika za prve razrede &#8211; ULAZ NA JU\u017dNA VRATA KOD KANTINE!"},"content":{"rendered":"<p><span style=\"font-family: verdana, sans-serif;\">Dragi u\u010denici, drage u\u010denice,<\/span><\/p>\n<div><span style=\"font-family: verdana, sans-serif;\">\u00a0<\/span><\/div>\n<div><span style=\"font-family: verdana, sans-serif;\">Povrat ud\u017ebenika za prve razrede ove \u0107e godine biti organiziran\u00a0\u00a0<u><strong>18. 6. (\u010detvrtak)<\/strong> u <strong>staklenoj prostoriji\u00a0<\/strong><\/u>koja se nalazi u prizemlju (blizu prostorije sprema\u010dica).<\/span><\/div>\n<div><span style=\"font-family: verdana, sans-serif;\">\u00a0<\/span><\/div>\n<h3><strong>Ulazite na ju\u017ena vrata kod kantine!\u00a0<\/strong><\/h3>\n<p>&nbsp;<\/p>\n<div><span style=\"font-family: verdana, sans-serif;\">U nastavku je\u00a0<b>raspored\u00a0<\/b>koji razred kada dolazi.<\/span><\/div>\n<div><\/div>\n<div><\/div>\n<ul>\n<li>\n<h3><strong>1. a <\/strong><strong>&#8211; 12:30<\/strong><\/h3>\n<\/li>\n<li>\n<h3><strong>1. b &#8211; 13:00<\/strong><\/h3>\n<\/li>\n<li>\n<h3><strong>1. c &#8211; 13:30<\/strong><\/h3>\n<\/li>\n<li>\n<h3><strong>1. d &#8211; 14:00<\/strong><\/h3>\n<\/li>\n<li>\n<h3><strong>1. e &#8211; 14:30<\/strong><\/h3>\n<\/li>\n<li>\n<h3><strong>1. f &#8211; 15:00<\/strong><\/h3>\n<\/li>\n<\/ul>\n<h3><\/h3>\n<div><span style=\"font-family: verdana, sans-serif;\">Ud\u017ebenici\u00a0trebaju biti\u00a0<b>poredani po popisu ud\u017ebenika<\/b>, prvi ud\u017ebenik staviti na vrh. Popis mo\u017eete preuzeti <a href=\"https:\/\/www.prva.hr\/wp-content\/uploads\/2020\/06\/Popis-ud\u017ebenika-za-povrat-1.-razredi_2020.docx\">ovdje<\/a><\/span><\/div>\n<div><span style=\"font-family: verdana, sans-serif;\">\u00a0<\/span><\/div>\n<div><span style=\"font-family: verdana, sans-serif;\">Jo\u0161 nekoliko\u00a0napomena:<\/span><\/div>\n<div>\n<ul>\n<li><span style=\"font-family: verdana, sans-serif;\">Sve predradnje za povrat u\u010dinite na vrijeme, barem dan ranije, a ne u trenutku kada se ud\u017ebenici trebaju preuzeti.<\/span><\/li>\n<li><span style=\"font-family: verdana, sans-serif;\">Ud\u017ebenici iz stranih jezika se koriste dvije \u0161kolske godine te ih zadr\u017eavate za kori\u0161tenje i idu\u0107e \u0161kolske godine.<\/span><\/li>\n<li>\u00a0Molim vas dr\u017eite distancu i pridr\u017eavajte se epidemiolo\u0161kih mjera.<\/li>\n<\/ul>\n<p>&nbsp;<\/p>\n<\/div>\n","protected":false},"excerpt":{"rendered":"<p>Dragi u\u010denici, drage u\u010denice, \u00a0 Povrat ud\u017ebenika za prve razrede ove \u0107e godine biti organiziran\u00a0\u00a018. 6. (\u010detvrtak) u staklenoj prostoriji\u00a0koja se nalazi u prizemlju (blizu prostorije sprema\u010dica). \u00a0 Ulazite na ju\u017ena vrata kod kantine!\u00a0 &nbsp; U nastavku je\u00a0raspored\u00a0koji razred kada dolazi. 1. a &#8211; 12:30 1. b &#8211; 13:00 1. c &#8211; 13:30 1. d [&hellip;]<\/p>\n","protected":false},"author":9,"featured_media":0,"comment_status":"closed","ping_status":"closed","sticky":false,"template":"","format":"standard","meta":{"_et_pb_use_builder":"","_et_pb_old_content":"","_et_gb_content_width":"","footnotes":""},"categories":[6,4],"tags":[],"class_list":["post-7936","post","type-post","status-publish","format-standard","hentry","category-aktualna-dogadanja","category-najnovije-vijesti"],"_links":{"self":[{"href":"https:\/\/prva.hr\/index.php\/wp-json\/wp\/v2\/posts\/7936","targetHints":{"allow":["GET"]}}],"collection":[{"href":"https:\/\/prva.hr\/index.php\/wp-json\/wp\/v2\/posts"}],"about":[{"href":"https:\/\/prva.hr\/index.php\/wp-json\/wp\/v2\/types\/post"}],"author":[{"embeddable":true,"href":"https:\/\/prva.hr\/index.php\/wp-json\/wp\/v2\/users\/9"}],"replies":[{"embeddable":true,"href":"https:\/\/prva.hr\/index.php\/wp-json\/wp\/v2\/comments?post=7936"}],"version-history":[{"count":10,"href":"https:\/\/prva.hr\/index.php\/wp-json\/wp\/v2\/posts\/7936\/revisions"}],"predecessor-version":[{"id":7957,"href":"https:\/\/prva.hr\/index.php\/wp-json\/wp\/v2\/posts\/7936\/revisions\/7957"}],"wp:attachment":[{"href":"https:\/\/prva.hr\/index.php\/wp-json\/wp\/v2\/media?parent=7936"}],"wp:term":[{"taxonomy":"category","embeddable":true,"href":"https:\/\/prva.hr\/index.php\/wp-json\/wp\/v2\/categories?post=7936"},{"taxonomy":"post_tag","embeddable":true,"href":"https:\/\/prva.hr\/index.php\/wp-json\/wp\/v2\/tags?post=7936"}],"curies":[{"name":"wp","href":"https:\/\/api.w.org\/{rel}","templated":true}]}}